{"id":7840,"date":"2023-01-17T05:30:03","date_gmt":"2023-01-17T03:30:03","guid":{"rendered":"http:\/\/biztonsagosveszprem.hu\/?p=7840"},"modified":"2023-01-17T06:27:50","modified_gmt":"2023-01-17T04:27:50","slug":"ki-latta-nagy-jozsef-benjamint","status":"publish","type":"post","link":"http:\/\/biztonsagosveszprem.hu\/?p=7840","title":{"rendered":"KERESS\u00dcK NAGY J\u00d3ZSEF BENJ\u00c1MINT"},"content":{"rendered":"<div class=\"lead-text\">\n<p><strong>A Veszpr\u00e9mi Rend\u0151rkapit\u00e1nys\u00e1g munkat\u00e1rsai a lakoss\u00e1g seg\u00edts\u00e9g\u00e9t k\u00e9rik Nagy J\u00f3zsef Benj\u00e1min megtal\u00e1l\u00e1sa \u00e9rdek\u00e9ben.<\/strong><\/p>\n<\/div>\n<p><a href=\"http:\/\/biztonsagosveszprem.hu\/wp-content\/uploads\/2022\/12\/Nagy-Jozsef-Benjamin-fotoja.jpg\"><img loading=\"lazy\" class=\"aligncenter size-full wp-image-7841\" src=\"http:\/\/biztonsagosveszprem.hu\/wp-content\/uploads\/2022\/12\/Nagy-Jozsef-Benjamin-fotoja.jpg\" alt=\"\" width=\"751\" height=\"500\" srcset=\"http:\/\/biztonsagosveszprem.hu\/wp-content\/uploads\/2022\/12\/Nagy-Jozsef-Benjamin-fotoja.jpg 751w, http:\/\/biztonsagosveszprem.hu\/wp-content\/uploads\/2022\/12\/Nagy-Jozsef-Benjamin-fotoja-300x200.jpg 300w\" sizes=\"(max-width: 751px) 100vw, 751px\" \/><\/a><\/p>\n<p>A Veszpr\u00e9mi Rend\u0151rkapit\u00e1nys\u00e1g 19010\/157\/30\/2023. k\u00f6r\u00f6z\u00e9si sz\u00e1mokon elj\u00e1r\u00e1st folytat az ismeretlen helyen tart\u00f3zkod\u00f3 Nagy J\u00f3zsef Benj\u00e1min elt\u0171n\u00e9se \u00fcgy\u00e9ben.<\/p>\n<p>A 14 \u00e9ves fi\u00fa enged\u00e9llyel volt t\u00e1vol, de a megbesz\u00e9lt id\u0151pontra 2023. janu\u00e1r 15-\u00e9n a l\u00f3k\u00fati lak\u00e1sotthonba nem \u00e9rkezett vissza, az\u00f3ta holl\u00e9te ismeretlen. \u00c9letjelet az\u00f3ta nem ad mag\u00e1r\u00f3l. A felkutat\u00e1s\u00e1ra tett rend\u0151ri int\u00e9zked\u00e9sek eddig eredm\u00e9nyre nem vezettek.<\/p>\n<p>Nagy J\u00f3zsef Benj\u00e1min k\u00f6r\u00fclbel\u00fcl 165 cm magas, \u00e1tlagos testalkat\u00fa, r\u00f6vid fekete haj\u00fa, barna szem\u0171 kreol b\u0151r\u0171.<\/p>\n<p>A Veszpr\u00e9mi Rend\u0151rkapit\u00e1nys\u00e1g k\u00e9ri, hogy aki a k\u00e9pen l\u00e1that\u00f3 Nagy J\u00f3zsef Benj\u00e1mint felismeri, tart\u00f3zkod\u00e1si hely\u00e9r\u0151l vagy elt\u0171n\u00e9se k\u00f6r\u00fclm\u00e9nyeir\u0151l inform\u00e1ci\u00f3val rendelkezik, jelentkezzen a Veszpr\u00e9mi Rend\u0151rkapit\u00e1nys\u00e1gon szem\u00e9lyesen (Veszpr\u00e9m, Bajcsy-Zsilinszky Endre utca 2.) vagy h\u00edvja a 06-88-428-022-es telefonsz\u00e1mot, illetve n\u00e9vtelens\u00e9ge meg\u0151rz\u00e9se mellett bejelent\u00e9st tehet a nap 24 \u00f3r\u00e1j\u00e1ban el\u00e9rhet\u0151 06-80-555-111-es Telefontan\u00fa z\u00f6ldsz\u00e1m\u00e1n, valamint a 112-es, d\u00edjmentes seg\u00e9lyh\u00edv\u00f3 sz\u00e1mon.<\/p>\n","protected":false},"excerpt":{"rendered":"<p>A Veszpr\u00e9mi Rend\u0151rkapit\u00e1nys\u00e1g munkat\u00e1rsai a lakoss\u00e1g seg\u00edts\u00e9g\u00e9t k\u00e9rik Nagy J\u00f3zsef Benj\u00e1min megtal\u00e1l\u00e1sa \u00e9rdek\u00e9ben. A Veszpr\u00e9mi Rend\u0151rkapit\u00e1nys\u00e1g 19010\/157\/30\/2023. k\u00f6r\u00f6z\u00e9si sz\u00e1mokon elj\u00e1r\u00e1st folytat az ismeretlen helyen tart\u00f3zkod\u00f3 Nagy J\u00f3zsef Benj\u00e1min elt\u0171n\u00e9se \u00fcgy\u00e9ben. A 14 \u00e9ves fi\u00fa enged\u00e9llyel volt t\u00e1vol, de a megbesz\u00e9lt &hellip; <a href=\"http:\/\/biztonsagosveszprem.hu\/?p=7840\">Egy kattint\u00e1s ide a folytat\u00e1shoz&#8230;. <span class=\"meta-nav\">&rarr;<\/span><\/a><\/p>\n","protected":false},"author":1,"featured_media":0,"comment_status":"closed","ping_status":"open","sticky":false,"template":"","format":"standard","meta":[],"categories":[4,5],"tags":[],"_links":{"self":[{"href":"http:\/\/biztonsagosveszprem.hu\/index.php?rest_route=\/wp\/v2\/posts\/7840"}],"collection":[{"href":"http:\/\/biztonsagosveszprem.hu\/index.php?rest_route=\/wp\/v2\/posts"}],"about":[{"href":"http:\/\/biztonsagosveszprem.hu\/index.php?rest_route=\/wp\/v2\/types\/post"}],"author":[{"embeddable":true,"href":"http:\/\/biztonsagosveszprem.hu\/index.php?rest_route=\/wp\/v2\/users\/1"}],"replies":[{"embeddable":true,"href":"http:\/\/biztonsagosveszprem.hu\/index.php?rest_route=%2Fwp%2Fv2%2Fcomments&post=7840"}],"version-history":[{"count":3,"href":"http:\/\/biztonsagosveszprem.hu\/index.php?rest_route=\/wp\/v2\/posts\/7840\/revisions"}],"predecessor-version":[{"id":7903,"href":"http:\/\/biztonsagosveszprem.hu\/index.php?rest_route=\/wp\/v2\/posts\/7840\/revisions\/7903"}],"wp:attachment":[{"href":"http:\/\/biztonsagosveszprem.hu\/index.php?rest_route=%2Fwp%2Fv2%2Fmedia&parent=7840"}],"wp:term":[{"taxonomy":"category","embeddable":true,"href":"http:\/\/biztonsagosveszprem.hu\/index.php?rest_route=%2Fwp%2Fv2%2Fcategories&post=7840"},{"taxonomy":"post_tag","embeddable":true,"href":"http:\/\/biztonsagosveszprem.hu\/index.php?rest_route=%2Fwp%2Fv2%2Ftags&post=7840"}],"curies":[{"name":"wp","href":"https:\/\/api.w.org\/{rel}","templated":true}]}}