{"id":28275,"date":"2026-03-14T15:32:24","date_gmt":"2026-03-14T14:32:24","guid":{"rendered":"http:\/\/biztonsagosveszprem.hu\/?p=28275"},"modified":"2026-03-14T15:32:24","modified_gmt":"2026-03-14T14:32:24","slug":"a-nonap-sem-tantoritotta-vissza","status":"publish","type":"post","link":"http:\/\/biztonsagosveszprem.hu\/?p=28275","title":{"rendered":"A N\u0150NAP SEM T\u00c1NTOR\u00cdTOTTA VISSZA"},"content":{"rendered":"<p><strong>A veszpr\u00e9mi rend\u0151r\u00f6k kapcsolati er\u0151szak miatt hallgatt\u00e1k ki a 34 \u00e9ves f\u00e9rfit.<\/strong><\/p>\n<p><a href=\"http:\/\/biztonsagosveszprem.hu\/wp-content\/uploads\/2026\/03\/kiseres_2.jpg\"><img loading=\"lazy\" class=\"aligncenter size-full wp-image-28276\" src=\"http:\/\/biztonsagosveszprem.hu\/wp-content\/uploads\/2026\/03\/kiseres_2.jpg\" alt=\"\" width=\"751\" height=\"500\" srcset=\"http:\/\/biztonsagosveszprem.hu\/wp-content\/uploads\/2026\/03\/kiseres_2.jpg 751w, http:\/\/biztonsagosveszprem.hu\/wp-content\/uploads\/2026\/03\/kiseres_2-300x200.jpg 300w\" sizes=\"(max-width: 751px) 100vw, 751px\" \/><\/a><\/p>\n<div class=\"body-text\">\n<p>Egy veszpr\u00e9mi n\u0151 k\u00e9rt seg\u00edts\u00e9get m\u00e1rcius 8-\u00e1n d\u00e9lel\u0151tt, mert \u00e9lett\u00e1rsa b\u00e1ntalmazta. Aznap a f\u00e9rfi egy sz\u00f3v\u00e1lt\u00e1st k\u00f6vet\u0151en a f\u00f6ldre l\u00f6kte \u0151t, \u00e9s t\u00f6bbsz\u00f6r megr\u00fagta. Elmondta azt is, hogy \u00e9vek \u00f3ta rendszeresen b\u00e1ntalmazza \u0151t mind verb\u00e1lisan, mind fizikailag.<\/p>\n<p>A rend\u0151r\u00f6k a 34 \u00e9ves f\u00e9rfit a bejelent\u00e9st k\u00f6vet\u0151en a lak\u00e1sa el\u0151tt fogt\u00e1k el, aki a n\u00e9zetelt\u00e9r\u00e9sek miatt \u00e9ppen k\u00f6lt\u00f6zni k\u00e9sz\u00fclt az ingatlanb\u00f3l. El\u0151\u00e1ll\u00edtott\u00e1k, majd a nyomoz\u00f3k \u2013 \u0151rizetbe v\u00e9tele mellett \u2013 kihallgatt\u00e1k, \u00e9s ellene kapcsolati er\u0151szak b\u0171ntette miatt ind\u00edtottak elj\u00e1r\u00e1st.<\/p>\n<p><em>Amennyiben b\u00e1ntalmaz\u00e1s (ak\u00e1r sz\u00f3beli, lelki, fizikai, szexu\u00e1lis er\u0151szak) \u00e1ldozat\u00e1v\u00e1 v\u00e1lik, \u00d6nnek joga van a seg\u00edts\u00e9gre. Ha s\u00e9relm\u00e9re b\u0171ncselekm\u00e9nyt k\u00f6vettek el, jelentkezzen b\u00e1rmelyik rend\u0151rkapit\u00e1nys\u00e1gon, vagy tegyen bejelent\u00e9st a 112-es k\u00f6zponti seg\u00e9lyh\u00edv\u00f3 telefonsz\u00e1mon.<\/em><\/p>\n<\/div>\n","protected":false},"excerpt":{"rendered":"<p>A veszpr\u00e9mi rend\u0151r\u00f6k kapcsolati er\u0151szak miatt hallgatt\u00e1k ki a 34 \u00e9ves f\u00e9rfit. Egy veszpr\u00e9mi n\u0151 k\u00e9rt seg\u00edts\u00e9get m\u00e1rcius 8-\u00e1n d\u00e9lel\u0151tt, mert \u00e9lett\u00e1rsa b\u00e1ntalmazta. Aznap a f\u00e9rfi egy sz\u00f3v\u00e1lt\u00e1st k\u00f6vet\u0151en a f\u00f6ldre l\u00f6kte \u0151t, \u00e9s t\u00f6bbsz\u00f6r megr\u00fagta. Elmondta azt is, hogy &hellip; <a href=\"http:\/\/biztonsagosveszprem.hu\/?p=28275\">Egy kattint\u00e1s ide a folytat\u00e1shoz&#8230;. <span class=\"meta-nav\">&rarr;<\/span><\/a><\/p>\n","protected":false},"author":1,"featured_media":0,"comment_status":"closed","ping_status":"open","sticky":false,"template":"","format":"standard","meta":[],"categories":[4,3],"tags":[],"_links":{"self":[{"href":"http:\/\/biztonsagosveszprem.hu\/index.php?rest_route=\/wp\/v2\/posts\/28275"}],"collection":[{"href":"http:\/\/biztonsagosveszprem.hu\/index.php?rest_route=\/wp\/v2\/posts"}],"about":[{"href":"http:\/\/biztonsagosveszprem.hu\/index.php?rest_route=\/wp\/v2\/types\/post"}],"author":[{"embeddable":true,"href":"http:\/\/biztonsagosveszprem.hu\/index.php?rest_route=\/wp\/v2\/users\/1"}],"replies":[{"embeddable":true,"href":"http:\/\/biztonsagosveszprem.hu\/index.php?rest_route=%2Fwp%2Fv2%2Fcomments&post=28275"}],"version-history":[{"count":1,"href":"http:\/\/biztonsagosveszprem.hu\/index.php?rest_route=\/wp\/v2\/posts\/28275\/revisions"}],"predecessor-version":[{"id":28277,"href":"http:\/\/biztonsagosveszprem.hu\/index.php?rest_route=\/wp\/v2\/posts\/28275\/revisions\/28277"}],"wp:attachment":[{"href":"http:\/\/biztonsagosveszprem.hu\/index.php?rest_route=%2Fwp%2Fv2%2Fmedia&parent=28275"}],"wp:term":[{"taxonomy":"category","embeddable":true,"href":"http:\/\/biztonsagosveszprem.hu\/index.php?rest_route=%2Fwp%2Fv2%2Fcategories&post=28275"},{"taxonomy":"post_tag","embeddable":true,"href":"http:\/\/biztonsagosveszprem.hu\/index.php?rest_route=%2Fwp%2Fv2%2Ftags&post=28275"}],"curies":[{"name":"wp","href":"https:\/\/api.w.org\/{rel}","templated":true}]}}