{"id":28271,"date":"2026-03-09T05:37:52","date_gmt":"2026-03-09T04:37:52","guid":{"rendered":"http:\/\/biztonsagosveszprem.hu\/?p=28271"},"modified":"2026-03-09T05:37:52","modified_gmt":"2026-03-09T04:37:52","slug":"buntetofekezesbol-garazdasag","status":"publish","type":"post","link":"http:\/\/biztonsagosveszprem.hu\/?p=28271","title":{"rendered":"B\u00fcntet\u0151f\u00e9kez\u00e9sb\u0151l gar\u00e1zdas\u00e1g"},"content":{"rendered":"<p><strong>Egy \u00e1ruh\u00e1z parkol\u00f3j\u00e1ban verekedett \u00f6ssze k\u00e9t f\u00e9rfi.<\/strong><\/p>\n<p><a href=\"http:\/\/biztonsagosveszprem.hu\/wp-content\/uploads\/2026\/03\/logo2_74.jpg\"><img loading=\"lazy\" class=\"aligncenter size-full wp-image-28272\" src=\"http:\/\/biztonsagosveszprem.hu\/wp-content\/uploads\/2026\/03\/logo2_74.jpg\" alt=\"\" width=\"751\" height=\"500\" srcset=\"http:\/\/biztonsagosveszprem.hu\/wp-content\/uploads\/2026\/03\/logo2_74.jpg 751w, http:\/\/biztonsagosveszprem.hu\/wp-content\/uploads\/2026\/03\/logo2_74-300x200.jpg 300w\" sizes=\"(max-width: 751px) 100vw, 751px\" \/><\/a><\/p>\n<p>Egy k\u00f6zleked\u00e9si konfliktus fajult tettlegess\u00e9gig Veszpr\u00e9m hat\u00e1r\u00e1ban egy \u00e1ruh\u00e1z parkol\u00f3j\u00e1ban tavaly november 7-\u00e9n d\u00e9lut\u00e1n. Az \u00fczlethez k\u00f6zeledve a 40 \u00e9ves lit\u00e9ri f\u00e9ri aut\u00f3j\u00e1val utol\u00e9rte a 29 \u00e9ves veszpr\u00e9mi f\u00e9rfi kocsij\u00e1t. A man\u0151ver miatt konfliktus alakult ki k\u00f6zt\u00fck, majd a 40 \u00e9ves f\u00e9rfi megpr\u00f3b\u00e1lta leszor\u00edtani az \u00fatr\u00f3l a m\u00e1sik sof\u0151rt, \u00e9s be\u00e1llva aut\u00f3ja el\u00e9 t\u00f6bbsz\u00f6r b\u00fcntet\u0151f\u00e9kezett. V\u00e9g\u00fcl a 40 \u00e9ves f\u00e9rfi az \u00e1ruh\u00e1z parkol\u00f3j\u00e1ban meg\u00e1ll\u00e1sra k\u00e9nyszer\u00edtette a m\u00e1sik aut\u00f3t, amikor keresztbe fordulva meg\u00e1llt el\u0151tte. Sz\u00f3v\u00e1lt\u00e1st k\u00f6vet\u0151en a k\u00e9t f\u00e9rfi k\u00f6lcs\u00f6n\u00f6sen b\u00e1ntalmazta egym\u00e1st, aminek az vetett v\u00e9get, hogy a 29 \u00e9ves veszpr\u00e9mi f\u00e9rfi h\u00edvta a 112-es seg\u00e9lyh\u00edv\u00f3t.<\/p>\n<p>A 40 \u00e9ves f\u00e9rfi elhajtott, \u0151t a Veszpr\u00e9mi Rend\u0151rkapit\u00e1nys\u00e1g egyenruh\u00e1sai lit\u00e9ri otthon\u00e1b\u00f3l \u00e1ll\u00edtott\u00e1k el\u0151. Mindkettej\u00fckkel szemben gar\u00e1zdas\u00e1g v\u00e9ts\u00e9ge miatt folyt nyomoz\u00e1s. A 40 \u00e9ves f\u00e9rfival szemben k\u00f6z\u00fati vesz\u00e9lyeztet\u00e9s b\u0171ntett elk\u00f6vet\u00e9se miatt is ind\u00edtottak elj\u00e1r\u00e1st.<\/p>\n<p>A Veszpr\u00e9mi Rend\u0151rkapit\u00e1nys\u00e1g a vizsg\u00e1latot befejezte, \u00e9s az iratokat v\u00e1demel\u00e9si javaslattal adta \u00e1t az \u00fcgy\u00e9szs\u00e9gnek.<\/p>\n","protected":false},"excerpt":{"rendered":"<p>Egy \u00e1ruh\u00e1z parkol\u00f3j\u00e1ban verekedett \u00f6ssze k\u00e9t f\u00e9rfi. Egy k\u00f6zleked\u00e9si konfliktus fajult tettlegess\u00e9gig Veszpr\u00e9m hat\u00e1r\u00e1ban egy \u00e1ruh\u00e1z parkol\u00f3j\u00e1ban tavaly november 7-\u00e9n d\u00e9lut\u00e1n. Az \u00fczlethez k\u00f6zeledve a 40 \u00e9ves lit\u00e9ri f\u00e9ri aut\u00f3j\u00e1val utol\u00e9rte a 29 \u00e9ves veszpr\u00e9mi f\u00e9rfi kocsij\u00e1t. A man\u0151ver miatt &hellip; <a href=\"http:\/\/biztonsagosveszprem.hu\/?p=28271\">Egy kattint\u00e1s ide a folytat\u00e1shoz&#8230;. <span class=\"meta-nav\">&rarr;<\/span><\/a><\/p>\n","protected":false},"author":1,"featured_media":0,"comment_status":"closed","ping_status":"open","sticky":false,"template":"","format":"standard","meta":[],"categories":[4,3],"tags":[],"_links":{"self":[{"href":"http:\/\/biztonsagosveszprem.hu\/index.php?rest_route=\/wp\/v2\/posts\/28271"}],"collection":[{"href":"http:\/\/biztonsagosveszprem.hu\/index.php?rest_route=\/wp\/v2\/posts"}],"about":[{"href":"http:\/\/biztonsagosveszprem.hu\/index.php?rest_route=\/wp\/v2\/types\/post"}],"author":[{"embeddable":true,"href":"http:\/\/biztonsagosveszprem.hu\/index.php?rest_route=\/wp\/v2\/users\/1"}],"replies":[{"embeddable":true,"href":"http:\/\/biztonsagosveszprem.hu\/index.php?rest_route=%2Fwp%2Fv2%2Fcomments&post=28271"}],"version-history":[{"count":1,"href":"http:\/\/biztonsagosveszprem.hu\/index.php?rest_route=\/wp\/v2\/posts\/28271\/revisions"}],"predecessor-version":[{"id":28273,"href":"http:\/\/biztonsagosveszprem.hu\/index.php?rest_route=\/wp\/v2\/posts\/28271\/revisions\/28273"}],"wp:attachment":[{"href":"http:\/\/biztonsagosveszprem.hu\/index.php?rest_route=%2Fwp%2Fv2%2Fmedia&parent=28271"}],"wp:term":[{"taxonomy":"category","embeddable":true,"href":"http:\/\/biztonsagosveszprem.hu\/index.php?rest_route=%2Fwp%2Fv2%2Fcategories&post=28271"},{"taxonomy":"post_tag","embeddable":true,"href":"http:\/\/biztonsagosveszprem.hu\/index.php?rest_route=%2Fwp%2Fv2%2Ftags&post=28271"}],"curies":[{"name":"wp","href":"https:\/\/api.w.org\/{rel}","templated":true}]}}