{"id":24593,"date":"2026-01-27T16:22:57","date_gmt":"2026-01-27T15:22:57","guid":{"rendered":"http:\/\/biztonsagosveszprem.hu\/?p=24593"},"modified":"2026-01-27T16:22:57","modified_gmt":"2026-01-27T15:22:57","slug":"rendorsegi-nyilt-nap-veszpremben","status":"publish","type":"post","link":"http:\/\/biztonsagosveszprem.hu\/?p=24593","title":{"rendered":"REND\u0150RS\u00c9GI NY\u00cdLT NAP VESZPR\u00c9MBEN"},"content":{"rendered":"<p><strong>P\u00e1lyav\u00e1laszt\u00e1s el\u0151tt \u00e1ll\u00f3 fiatalok ismerkedhettek meg a rend\u0151ri hivat\u00e1ssal.<\/strong><\/p>\n<p><a href=\"http:\/\/biztonsagosveszprem.hu\/wp-content\/uploads\/2026\/01\/nyilt14.jpeg\"><img loading=\"lazy\" class=\"aligncenter size-full wp-image-24594\" src=\"http:\/\/biztonsagosveszprem.hu\/wp-content\/uploads\/2026\/01\/nyilt14.jpeg\" alt=\"\" width=\"751\" height=\"500\" srcset=\"http:\/\/biztonsagosveszprem.hu\/wp-content\/uploads\/2026\/01\/nyilt14.jpeg 751w, http:\/\/biztonsagosveszprem.hu\/wp-content\/uploads\/2026\/01\/nyilt14-300x200.jpeg 300w\" sizes=\"(max-width: 751px) 100vw, 751px\" \/><\/a><\/p>\n<p>A Veszpr\u00e9mi Szakk\u00e9pz\u00e9si Centrum T\u00e1ncsics Mih\u00e1ly Technikum rend\u00e9szeti di\u00e1kjai tettek l\u00e1togat\u00e1st a Veszpr\u00e9mi Rend\u0151rkapit\u00e1nys\u00e1gon a janu\u00e1r 27-\u00e9n megrendezett ny\u00edlt napon.<\/p>\n<p>A rendezv\u00e9ny c\u00e9lja az volt, hogy a fiatalok megismerhess\u00e9k a rend\u0151rs\u00e9g szervezeti fel\u00e9p\u00edt\u00e9s\u00e9t, valamint felvil\u00e1gos\u00edt\u00e1st kapjanak a rendv\u00e9delmi technikum jelentkez\u00e9si felt\u00e9teleir\u0151l, a b\u0171n\u00fcgyi \u00e9s a rend\u00e9szeti szakter\u00fcleten t\u00f6rt\u00e9n\u0151 munkav\u00e9gz\u00e9sr\u0151l.<\/p>\n<p>A tanul\u00f3kat a Veszpr\u00e9mi Rend\u0151rkapit\u00e1nys\u00e1g Hivatal\u00e1nak vezet\u0151je, Sz\u0171cs Erika r.\u00a0alezredes k\u00f6sz\u00f6nt\u00f6tte, majd Dominek J\u00e1cint r.\u00a0alezredes, megb\u00edzott k\u00f6zrendv\u00e9delmi oszt\u00e1lyvezet\u0151 szem\u00e9lyes \u00e9l\u00e9tp\u00e1ly\u00e1j\u00e1t bemutatva adott betekint\u00e9st a rend\u0151ri szolg\u00e1lat v\u00e1ltozatos mindennapjaiba.<\/p>\n<p>A t\u00e1j\u00e9koztat\u00e1st k\u00f6vet\u0151en a di\u00e1kok l\u00e9zerfegyverrel tesztelhett\u00e9k c\u00e9lbal\u00f6v\u0151 k\u00e9pess\u00e9g\u00fcket, \u00e9s a r\u00e9szegszem\u00fcveget is kipr\u00f3b\u00e1lhatt\u00e1k. A kapit\u00e1nys\u00e1g k\u00f6zrendv\u00e9delmi oszt\u00e1ly\u00e1nak munkat\u00e1rsa, Tivadari M\u00e1rk r.\u00a0f\u0151t\u00f6rzs\u0151rmester tartott int\u00e9zked\u00e9staktikai foglalkoz\u00e1st a di\u00e1kok bevon\u00e1s\u00e1val.<\/p>\n","protected":false},"excerpt":{"rendered":"<p>P\u00e1lyav\u00e1laszt\u00e1s el\u0151tt \u00e1ll\u00f3 fiatalok ismerkedhettek meg a rend\u0151ri hivat\u00e1ssal. A Veszpr\u00e9mi Szakk\u00e9pz\u00e9si Centrum T\u00e1ncsics Mih\u00e1ly Technikum rend\u00e9szeti di\u00e1kjai tettek l\u00e1togat\u00e1st a Veszpr\u00e9mi Rend\u0151rkapit\u00e1nys\u00e1gon a janu\u00e1r 27-\u00e9n megrendezett ny\u00edlt napon. A rendezv\u00e9ny c\u00e9lja az volt, hogy a fiatalok megismerhess\u00e9k a rend\u0151rs\u00e9g &hellip; <a href=\"http:\/\/biztonsagosveszprem.hu\/?p=24593\">Egy kattint\u00e1s ide a folytat\u00e1shoz&#8230;. <span class=\"meta-nav\">&rarr;<\/span><\/a><\/p>\n","protected":false},"author":1,"featured_media":0,"comment_status":"closed","ping_status":"open","sticky":false,"template":"","format":"standard","meta":[],"categories":[4,3],"tags":[],"_links":{"self":[{"href":"http:\/\/biztonsagosveszprem.hu\/index.php?rest_route=\/wp\/v2\/posts\/24593"}],"collection":[{"href":"http:\/\/biztonsagosveszprem.hu\/index.php?rest_route=\/wp\/v2\/posts"}],"about":[{"href":"http:\/\/biztonsagosveszprem.hu\/index.php?rest_route=\/wp\/v2\/types\/post"}],"author":[{"embeddable":true,"href":"http:\/\/biztonsagosveszprem.hu\/index.php?rest_route=\/wp\/v2\/users\/1"}],"replies":[{"embeddable":true,"href":"http:\/\/biztonsagosveszprem.hu\/index.php?rest_route=%2Fwp%2Fv2%2Fcomments&post=24593"}],"version-history":[{"count":1,"href":"http:\/\/biztonsagosveszprem.hu\/index.php?rest_route=\/wp\/v2\/posts\/24593\/revisions"}],"predecessor-version":[{"id":24595,"href":"http:\/\/biztonsagosveszprem.hu\/index.php?rest_route=\/wp\/v2\/posts\/24593\/revisions\/24595"}],"wp:attachment":[{"href":"http:\/\/biztonsagosveszprem.hu\/index.php?rest_route=%2Fwp%2Fv2%2Fmedia&parent=24593"}],"wp:term":[{"taxonomy":"category","embeddable":true,"href":"http:\/\/biztonsagosveszprem.hu\/index.php?rest_route=%2Fwp%2Fv2%2Fcategories&post=24593"},{"taxonomy":"post_tag","embeddable":true,"href":"http:\/\/biztonsagosveszprem.hu\/index.php?rest_route=%2Fwp%2Fv2%2Ftags&post=24593"}],"curies":[{"name":"wp","href":"https:\/\/api.w.org\/{rel}","templated":true}]}}