{"id":24589,"date":"2026-01-20T10:38:00","date_gmt":"2026-01-20T09:38:00","guid":{"rendered":"http:\/\/biztonsagosveszprem.hu\/?p=24589"},"modified":"2026-01-20T10:38:00","modified_gmt":"2026-01-20T09:38:00","slug":"digitalis-veszelyek-es-drogprevencio-kozepiskolasoknak","status":"publish","type":"post","link":"http:\/\/biztonsagosveszprem.hu\/?p=24589","title":{"rendered":"Digit\u00e1lis vesz\u00e9lyek \u00e9s drogprevenci\u00f3 k\u00f6z\u00e9piskol\u00e1soknak"},"content":{"rendered":"<p><strong>Az el\u0151ad\u00e1sok c\u00e9lja, hogy a fiatalok felismerj\u00e9k a kritikus \u00e9lethelyzeteket.<\/strong><\/p>\n<p><a href=\"http:\/\/biztonsagosveszprem.hu\/wp-content\/uploads\/2026\/01\/eloadas11.jpeg\"><img loading=\"lazy\" class=\"aligncenter size-full wp-image-24590\" src=\"http:\/\/biztonsagosveszprem.hu\/wp-content\/uploads\/2026\/01\/eloadas11.jpeg\" alt=\"\" width=\"751\" height=\"500\" srcset=\"http:\/\/biztonsagosveszprem.hu\/wp-content\/uploads\/2026\/01\/eloadas11.jpeg 751w, http:\/\/biztonsagosveszprem.hu\/wp-content\/uploads\/2026\/01\/eloadas11-300x200.jpeg 300w\" sizes=\"(max-width: 751px) 100vw, 751px\" \/><\/a><\/p>\n<p>A cyberbullying \u00e9s a k\u00e1b\u00edt\u00f3szerhaszn\u00e1lat megel\u0151z\u00e9se \u00e1llt a k\u00f6z\u00e9ppontban egy veszpr\u00e9mi k\u00f6z\u00e9piskol\u00e1ban \u00a0janu\u00e1r 19-\u00e9n \u00e9s 20-\u00e1n. A b\u0171nmegel\u0151z\u00e9si el\u0151ad\u00f3 \u00f6t oszt\u00e1ly tanul\u00f3inak ismertette a t\u00e9m\u00e1ban a fiatalokra leselked\u0151 vesz\u00e9lyeket, valamint az \u00e1ldozatt\u00e1 v\u00e1l\u00e1s elker\u00fcl\u00e9s\u00e9nek lehet\u0151s\u00e9g\u00e9t. A digit\u00e1lis t\u00e9rben elcsattant pofonok \u00e9s a k\u00e1b\u00edt\u00f3szerf\u00fcgg\u0151s\u00e9g kialakul\u00e1s\u00e1nak vesz\u00e9lyei komoly rizik\u00f3faktorok a di\u00e1kok \u00e9let\u00e9ben. Az el\u0151ad\u00e1s f\u0151 c\u00e9lja az volt, hogy a gyerekek felismerj\u00e9k a kritikus \u00e9lethelyzeteket, \u00e9s megtanulj\u00e1k, hogyan v\u00e9dhetik meg magukat \u00e9s t\u00e1rsaikat a digit\u00e1lis t\u00e9r \u00e9s a drogok \u00e1rnyoldalait\u00f3l.<\/p>\n<p>&nbsp;<\/p>\n","protected":false},"excerpt":{"rendered":"<p>Az el\u0151ad\u00e1sok c\u00e9lja, hogy a fiatalok felismerj\u00e9k a kritikus \u00e9lethelyzeteket. A cyberbullying \u00e9s a k\u00e1b\u00edt\u00f3szerhaszn\u00e1lat megel\u0151z\u00e9se \u00e1llt a k\u00f6z\u00e9ppontban egy veszpr\u00e9mi k\u00f6z\u00e9piskol\u00e1ban \u00a0janu\u00e1r 19-\u00e9n \u00e9s 20-\u00e1n. A b\u0171nmegel\u0151z\u00e9si el\u0151ad\u00f3 \u00f6t oszt\u00e1ly tanul\u00f3inak ismertette a t\u00e9m\u00e1ban a fiatalokra leselked\u0151 vesz\u00e9lyeket, valamint &hellip; <a href=\"http:\/\/biztonsagosveszprem.hu\/?p=24589\">Egy kattint\u00e1s ide a folytat\u00e1shoz&#8230;. <span class=\"meta-nav\">&rarr;<\/span><\/a><\/p>\n","protected":false},"author":1,"featured_media":0,"comment_status":"closed","ping_status":"open","sticky":false,"template":"","format":"standard","meta":[],"categories":[4,3],"tags":[],"_links":{"self":[{"href":"http:\/\/biztonsagosveszprem.hu\/index.php?rest_route=\/wp\/v2\/posts\/24589"}],"collection":[{"href":"http:\/\/biztonsagosveszprem.hu\/index.php?rest_route=\/wp\/v2\/posts"}],"about":[{"href":"http:\/\/biztonsagosveszprem.hu\/index.php?rest_route=\/wp\/v2\/types\/post"}],"author":[{"embeddable":true,"href":"http:\/\/biztonsagosveszprem.hu\/index.php?rest_route=\/wp\/v2\/users\/1"}],"replies":[{"embeddable":true,"href":"http:\/\/biztonsagosveszprem.hu\/index.php?rest_route=%2Fwp%2Fv2%2Fcomments&post=24589"}],"version-history":[{"count":1,"href":"http:\/\/biztonsagosveszprem.hu\/index.php?rest_route=\/wp\/v2\/posts\/24589\/revisions"}],"predecessor-version":[{"id":24591,"href":"http:\/\/biztonsagosveszprem.hu\/index.php?rest_route=\/wp\/v2\/posts\/24589\/revisions\/24591"}],"wp:attachment":[{"href":"http:\/\/biztonsagosveszprem.hu\/index.php?rest_route=%2Fwp%2Fv2%2Fmedia&parent=24589"}],"wp:term":[{"taxonomy":"category","embeddable":true,"href":"http:\/\/biztonsagosveszprem.hu\/index.php?rest_route=%2Fwp%2Fv2%2Fcategories&post=24589"},{"taxonomy":"post_tag","embeddable":true,"href":"http:\/\/biztonsagosveszprem.hu\/index.php?rest_route=%2Fwp%2Fv2%2Ftags&post=24589"}],"curies":[{"name":"wp","href":"https:\/\/api.w.org\/{rel}","templated":true}]}}