{"id":24586,"date":"2026-01-15T17:12:03","date_gmt":"2026-01-15T16:12:03","guid":{"rendered":"http:\/\/biztonsagosveszprem.hu\/?p=24586"},"modified":"2026-01-15T17:12:03","modified_gmt":"2026-01-15T16:12:03","slug":"fizetes-helyett-elfutott-a-telefonnal","status":"publish","type":"post","link":"http:\/\/biztonsagosveszprem.hu\/?p=24586","title":{"rendered":"FIZET\u00c9S HELYETT ELFUTOTT A TELEFONNAL"},"content":{"rendered":"<p><strong>A veszpr\u00e9mi rend\u0151r\u00f6k m\u00e9g aznap elfogt\u00e1k a 16 \u00e9ves elk\u00f6vet\u0151t.<\/strong><\/p>\n<p><a href=\"http:\/\/biztonsagosveszprem.hu\/wp-content\/uploads\/2026\/01\/vp-telefon1.jpg\"><img loading=\"lazy\" class=\"aligncenter size-full wp-image-24587\" src=\"http:\/\/biztonsagosveszprem.hu\/wp-content\/uploads\/2026\/01\/vp-telefon1.jpg\" alt=\"\" width=\"751\" height=\"500\" srcset=\"http:\/\/biztonsagosveszprem.hu\/wp-content\/uploads\/2026\/01\/vp-telefon1.jpg 751w, http:\/\/biztonsagosveszprem.hu\/wp-content\/uploads\/2026\/01\/vp-telefon1-300x200.jpg 300w\" sizes=\"(max-width: 751px) 100vw, 751px\" \/><\/a><\/p>\n<p>Lop\u00e1sr\u00f3l \u00e9rkezett bejelent\u00e9s a rend\u0151rs\u00e9gre janu\u00e1r 13-\u00e1n d\u00e9lut\u00e1n. A s\u00e9rtett az \u00e1ltala interneten meghirdetett, elad\u00e1sra k\u00edn\u00e1lt mobiltelefonj\u00e1ra jelentkez\u0151 v\u00e1s\u00e1rl\u00f3val besz\u00e9lt meg tal\u00e1lkoz\u00f3t Veszpr\u00e9mben, egy lak\u00f3telepi h\u00e1z el\u0151tt. A vev\u0151 a megbesz\u00e9lt helyen \u00e9s id\u0151pontban megjelent, hosszasan tesztelte a k\u00e9sz\u00fcl\u00e9ket, majd a s\u00e9rtett pillanatnyi figyelmetlens\u00e9g\u00e9t kihaszn\u00e1lva elfutott a t\u00f6bb sz\u00e1zezer forint \u00e9rt\u00e9k\u0171 telefonnal.<\/p>\n<p>A nyomoz\u00f3k r\u00f6vid id\u0151n bel\u00fcl azonos\u00edtott\u00e1k a felt\u00e9telezett elk\u00f6vet\u0151t, \u00e9s m\u00e9g aznap elfogt\u00e1k a 16 \u00e9ves helyi fiatalt. Ezut\u00e1n el\u0151\u00e1ll\u00edtott\u00e1k, \u00e9s lop\u00e1s miatt kihallgatt\u00e1k. A lopott k\u00e9sz\u00fcl\u00e9ket pedig lefoglalt\u00e1k t\u0151le, \u00e9s visszaadt\u00e1k a tulajdonos\u00e1nak.<\/p>\n","protected":false},"excerpt":{"rendered":"<p>A veszpr\u00e9mi rend\u0151r\u00f6k m\u00e9g aznap elfogt\u00e1k a 16 \u00e9ves elk\u00f6vet\u0151t. Lop\u00e1sr\u00f3l \u00e9rkezett bejelent\u00e9s a rend\u0151rs\u00e9gre janu\u00e1r 13-\u00e1n d\u00e9lut\u00e1n. A s\u00e9rtett az \u00e1ltala interneten meghirdetett, elad\u00e1sra k\u00edn\u00e1lt mobiltelefonj\u00e1ra jelentkez\u0151 v\u00e1s\u00e1rl\u00f3val besz\u00e9lt meg tal\u00e1lkoz\u00f3t Veszpr\u00e9mben, egy lak\u00f3telepi h\u00e1z el\u0151tt. A vev\u0151 a &hellip; <a href=\"http:\/\/biztonsagosveszprem.hu\/?p=24586\">Egy kattint\u00e1s ide a folytat\u00e1shoz&#8230;. <span class=\"meta-nav\">&rarr;<\/span><\/a><\/p>\n","protected":false},"author":1,"featured_media":0,"comment_status":"closed","ping_status":"open","sticky":false,"template":"","format":"standard","meta":[],"categories":[4,3],"tags":[],"_links":{"self":[{"href":"http:\/\/biztonsagosveszprem.hu\/index.php?rest_route=\/wp\/v2\/posts\/24586"}],"collection":[{"href":"http:\/\/biztonsagosveszprem.hu\/index.php?rest_route=\/wp\/v2\/posts"}],"about":[{"href":"http:\/\/biztonsagosveszprem.hu\/index.php?rest_route=\/wp\/v2\/types\/post"}],"author":[{"embeddable":true,"href":"http:\/\/biztonsagosveszprem.hu\/index.php?rest_route=\/wp\/v2\/users\/1"}],"replies":[{"embeddable":true,"href":"http:\/\/biztonsagosveszprem.hu\/index.php?rest_route=%2Fwp%2Fv2%2Fcomments&post=24586"}],"version-history":[{"count":1,"href":"http:\/\/biztonsagosveszprem.hu\/index.php?rest_route=\/wp\/v2\/posts\/24586\/revisions"}],"predecessor-version":[{"id":24588,"href":"http:\/\/biztonsagosveszprem.hu\/index.php?rest_route=\/wp\/v2\/posts\/24586\/revisions\/24588"}],"wp:attachment":[{"href":"http:\/\/biztonsagosveszprem.hu\/index.php?rest_route=%2Fwp%2Fv2%2Fmedia&parent=24586"}],"wp:term":[{"taxonomy":"category","embeddable":true,"href":"http:\/\/biztonsagosveszprem.hu\/index.php?rest_route=%2Fwp%2Fv2%2Fcategories&post=24586"},{"taxonomy":"post_tag","embeddable":true,"href":"http:\/\/biztonsagosveszprem.hu\/index.php?rest_route=%2Fwp%2Fv2%2Ftags&post=24586"}],"curies":[{"name":"wp","href":"https:\/\/api.w.org\/{rel}","templated":true}]}}