{"id":24580,"date":"2025-12-13T15:01:55","date_gmt":"2025-12-13T14:01:55","guid":{"rendered":"http:\/\/biztonsagosveszprem.hu\/?p=24580"},"modified":"2025-12-13T15:01:55","modified_gmt":"2025-12-13T14:01:55","slug":"dobozban-rakta-ki-a-kiscicakat-allatkinzasert-felel-a-veszpremi-no","status":"publish","type":"post","link":"http:\/\/biztonsagosveszprem.hu\/?p=24580","title":{"rendered":"DOBOZBAN RAKTA KI A KISCIC\u00c1KAT, \u00c1LLATK\u00cdNZ\u00c1S\u00c9RT FELEL A VESZPR\u00c9MI N\u0150"},"content":{"rendered":"<p><strong>A veszpr\u00e9mi rend\u0151r\u00f6k lez\u00e1rt\u00e1k az \u00e1llatk\u00ednz\u00e1s \u00fcgy\u00e9ben ind\u00edtott nyomoz\u00e1st<\/strong>.<\/p>\n<p><a href=\"http:\/\/biztonsagosveszprem.hu\/wp-content\/uploads\/2025\/12\/kiscicak1-1.jpg\"><img loading=\"lazy\" class=\"aligncenter size-full wp-image-24581\" src=\"http:\/\/biztonsagosveszprem.hu\/wp-content\/uploads\/2025\/12\/kiscicak1-1.jpg\" alt=\"\" width=\"751\" height=\"500\" srcset=\"http:\/\/biztonsagosveszprem.hu\/wp-content\/uploads\/2025\/12\/kiscicak1-1.jpg 751w, http:\/\/biztonsagosveszprem.hu\/wp-content\/uploads\/2025\/12\/kiscicak1-1-300x200.jpg 300w\" sizes=\"(max-width: 751px) 100vw, 751px\" \/><\/a><\/p>\n<p>Mint arr\u00f3l <a href=\"https:\/\/www.police.hu\/hu\/hirek-es-informaciok\/legfrissebb-hireink\/bunugyek\/elhagyott-kiscicak-a-dobozban?fbclid=IwY2xjawOo19tleHRuA2FlbQIxMABzcnRjBmFwcF9pZBAyMjIwMzkxNzg4MjAwODkyAAEecYfOOndvawOW6VjcT_i5xNKzKWnA5JLaBqnqVI5nx8JhRemxOh6m8Uqv584_aem_YwMw58zaIS8ZA1vDYbnwJA\">kor\u00e1bban besz\u00e1moltunk<\/a>, egy Veszpr\u00e9m k\u00f6rny\u00e9ki telep\u00fcl\u00e9sr\u0151l \u00e9rkezett bejelent\u00e9s a rend\u0151rs\u00e9gre augusztus 2-\u00e1n arr\u00f3l, hogy egy n\u0151 kartondobozban rakott ki h\u00e1rom, nyolchetes kiscic\u00e1t a h\u00e1zak m\u00f6g\u00f6tti f\u00fcves ter\u00fcletre, ahol sorsukra hagyta \u0151ket \u00e9lelem, \u00e9s v\u00edz n\u00e9lk\u00fcl.<\/p>\n<p>A nyomoz\u00f3k az 55 \u00e9ves n\u0151t m\u00e9g aznap \u00e1llatk\u00ednz\u00e1s megalapozott gyan\u00faja miatt hallgatt\u00e1k ki, melynek sor\u00e1n a b\u0171ncselekm\u00e9ny elk\u00f6vet\u00e9s\u00e9t elismerte. A sorsukra hagyott \u00e1llatokat a rend\u0151rs\u00e9g k\u00f6zrem\u0171k\u00f6d\u00e9s\u00e9vel az AngelLife Rescue Team-Art \u00c1llat \u00e9s Term\u00e9szetv\u00e9delmi Alap\u00edtv\u00e1ny vette gondoz\u00e1s\u00e1ba.<\/p>\n<p>A Veszpr\u00e9mi Rend\u0151rkapit\u00e1nys\u00e1g a vizsg\u00e1latot befejezte, \u00e9s az \u00fcgy iratait v\u00e1demel\u00e9si javaslattal k\u00fcldte meg az \u00fcgy\u00e9szs\u00e9gnek.<\/p>\n<p>Felh\u00edvjuk a figyelmet, hogy az \u00e1llatk\u00ednz\u00e1st nem kiz\u00e1r\u00f3lag b\u00e1ntalmaz\u00e1ssal, illetve olyan b\u00e1n\u00e1sm\u00f3ddal lehet elk\u00f6vetni, mely maradand\u00f3 eg\u00e9szs\u00e9gk\u00e1rosod\u00e1st vagy pusztul\u00e1st okoz. Aki az \u00e1llatot el\u0171zi, elhagyja, vagy kiteszi, szint\u00e9n b\u0171ncselekm\u00e9nyt val\u00f3s\u00edt meg.<\/p>\n","protected":false},"excerpt":{"rendered":"<p>A veszpr\u00e9mi rend\u0151r\u00f6k lez\u00e1rt\u00e1k az \u00e1llatk\u00ednz\u00e1s \u00fcgy\u00e9ben ind\u00edtott nyomoz\u00e1st. Mint arr\u00f3l kor\u00e1bban besz\u00e1moltunk, egy Veszpr\u00e9m k\u00f6rny\u00e9ki telep\u00fcl\u00e9sr\u0151l \u00e9rkezett bejelent\u00e9s a rend\u0151rs\u00e9gre augusztus 2-\u00e1n arr\u00f3l, hogy egy n\u0151 kartondobozban rakott ki h\u00e1rom, nyolchetes kiscic\u00e1t a h\u00e1zak m\u00f6g\u00f6tti f\u00fcves ter\u00fcletre, ahol sorsukra &hellip; <a href=\"http:\/\/biztonsagosveszprem.hu\/?p=24580\">Egy kattint\u00e1s ide a folytat\u00e1shoz&#8230;. <span class=\"meta-nav\">&rarr;<\/span><\/a><\/p>\n","protected":false},"author":1,"featured_media":0,"comment_status":"closed","ping_status":"open","sticky":false,"template":"","format":"standard","meta":[],"categories":[4,3],"tags":[],"_links":{"self":[{"href":"http:\/\/biztonsagosveszprem.hu\/index.php?rest_route=\/wp\/v2\/posts\/24580"}],"collection":[{"href":"http:\/\/biztonsagosveszprem.hu\/index.php?rest_route=\/wp\/v2\/posts"}],"about":[{"href":"http:\/\/biztonsagosveszprem.hu\/index.php?rest_route=\/wp\/v2\/types\/post"}],"author":[{"embeddable":true,"href":"http:\/\/biztonsagosveszprem.hu\/index.php?rest_route=\/wp\/v2\/users\/1"}],"replies":[{"embeddable":true,"href":"http:\/\/biztonsagosveszprem.hu\/index.php?rest_route=%2Fwp%2Fv2%2Fcomments&post=24580"}],"version-history":[{"count":1,"href":"http:\/\/biztonsagosveszprem.hu\/index.php?rest_route=\/wp\/v2\/posts\/24580\/revisions"}],"predecessor-version":[{"id":24582,"href":"http:\/\/biztonsagosveszprem.hu\/index.php?rest_route=\/wp\/v2\/posts\/24580\/revisions\/24582"}],"wp:attachment":[{"href":"http:\/\/biztonsagosveszprem.hu\/index.php?rest_route=%2Fwp%2Fv2%2Fmedia&parent=24580"}],"wp:term":[{"taxonomy":"category","embeddable":true,"href":"http:\/\/biztonsagosveszprem.hu\/index.php?rest_route=%2Fwp%2Fv2%2Fcategories&post=24580"},{"taxonomy":"post_tag","embeddable":true,"href":"http:\/\/biztonsagosveszprem.hu\/index.php?rest_route=%2Fwp%2Fv2%2Ftags&post=24580"}],"curies":[{"name":"wp","href":"https:\/\/api.w.org\/{rel}","templated":true}]}}