{"id":24577,"date":"2025-12-12T14:57:02","date_gmt":"2025-12-12T13:57:02","guid":{"rendered":"http:\/\/biztonsagosveszprem.hu\/?p=24577"},"modified":"2025-12-13T14:59:31","modified_gmt":"2025-12-13T13:59:31","slug":"rendorkezen-egy-veszpremi-betoro","status":"publish","type":"post","link":"http:\/\/biztonsagosveszprem.hu\/?p=24577","title":{"rendered":"REND\u0150RK\u00c9ZEN EGY VESZPR\u00c9MI BET\u00d6R\u0150"},"content":{"rendered":"<p><strong>A nyomoz\u00f3k gyan\u00fas\u00edtottk\u00e9nt hallgatt\u00e1k ki azt a 26 \u00e9ves f\u00e9rfit, aki t\u00f6bb b\u0171ncselekm\u00e9nyt k\u00f6vetett el orsz\u00e1gszerte.<\/strong><\/p>\n<p><a href=\"http:\/\/biztonsagosveszprem.hu\/wp-content\/uploads\/2025\/12\/penz1.jpeg\"><img loading=\"lazy\" class=\"aligncenter size-full wp-image-24578\" src=\"http:\/\/biztonsagosveszprem.hu\/wp-content\/uploads\/2025\/12\/penz1.jpeg\" alt=\"\" width=\"751\" height=\"500\" srcset=\"http:\/\/biztonsagosveszprem.hu\/wp-content\/uploads\/2025\/12\/penz1.jpeg 751w, http:\/\/biztonsagosveszprem.hu\/wp-content\/uploads\/2025\/12\/penz1-300x200.jpeg 300w\" sizes=\"(max-width: 751px) 100vw, 751px\" \/><\/a><\/p>\n<p>\u00c1llampolg\u00e1ri bejelent\u00e9s \u00e9rkezett a rend\u0151rs\u00e9gre november 17-\u00e9n d\u00e9lel\u0151tt, hogy bet\u00f6rtek egy veszpr\u00e9mi t\u00e1rsash\u00e1zba, ahonnan ez\u00fcst \u00e9kszereket \u00e9s eur\u00f3t vittek k\u00f6zel 200 ezer forint \u00e9rt\u00e9kben.<\/p>\n<p>A sz\u00e9les k\u00f6r\u0171 adatgy\u0171jt\u00e9s eredm\u00e9nyek\u00e9nt a nyomoz\u00f3k l\u00e1t\u00f3k\u00f6r\u00e9be ker\u00fclt egy 56 \u00e9ves Szabolcs-Szatm\u00e1r-Bereg v\u00e1rmegyei f\u00e9rfi, aki ellen elfogat\u00f3parancsot bocs\u00e1tottak ki. December 10-\u00e9n Budapesten fogt\u00e1k el a tolvajt, \u00e9s nagyobb \u00f6sszeg\u0171 p\u00e9nzt foglaltak le t\u0151le.<\/p>\n<p>El\u0151\u00e1ll\u00edtott\u00e1k, majd \u0151rizetbe v\u00e9tele ut\u00e1n kihallgatt\u00e1k. Kider\u00fclt, a b\u00fcntetett el\u0151\u00e9let\u0171 f\u00e9rfi tov\u00e1bbi bet\u00f6r\u00e9sekkel gyan\u00fas\u00edthat\u00f3, orsz\u00e1gszerte k\u00f6vetett el hasonl\u00f3 vagyon elleni b\u0171ncselekm\u00e9nyeket.<\/p>\n","protected":false},"excerpt":{"rendered":"<p>A nyomoz\u00f3k gyan\u00fas\u00edtottk\u00e9nt hallgatt\u00e1k ki azt a 26 \u00e9ves f\u00e9rfit, aki t\u00f6bb b\u0171ncselekm\u00e9nyt k\u00f6vetett el orsz\u00e1gszerte. \u00c1llampolg\u00e1ri bejelent\u00e9s \u00e9rkezett a rend\u0151rs\u00e9gre november 17-\u00e9n d\u00e9lel\u0151tt, hogy bet\u00f6rtek egy veszpr\u00e9mi t\u00e1rsash\u00e1zba, ahonnan ez\u00fcst \u00e9kszereket \u00e9s eur\u00f3t vittek k\u00f6zel 200 ezer forint \u00e9rt\u00e9kben. &hellip; <a href=\"http:\/\/biztonsagosveszprem.hu\/?p=24577\">Egy kattint\u00e1s ide a folytat\u00e1shoz&#8230;. <span class=\"meta-nav\">&rarr;<\/span><\/a><\/p>\n","protected":false},"author":1,"featured_media":0,"comment_status":"closed","ping_status":"open","sticky":false,"template":"","format":"standard","meta":[],"categories":[4,3],"tags":[],"_links":{"self":[{"href":"http:\/\/biztonsagosveszprem.hu\/index.php?rest_route=\/wp\/v2\/posts\/24577"}],"collection":[{"href":"http:\/\/biztonsagosveszprem.hu\/index.php?rest_route=\/wp\/v2\/posts"}],"about":[{"href":"http:\/\/biztonsagosveszprem.hu\/index.php?rest_route=\/wp\/v2\/types\/post"}],"author":[{"embeddable":true,"href":"http:\/\/biztonsagosveszprem.hu\/index.php?rest_route=\/wp\/v2\/users\/1"}],"replies":[{"embeddable":true,"href":"http:\/\/biztonsagosveszprem.hu\/index.php?rest_route=%2Fwp%2Fv2%2Fcomments&post=24577"}],"version-history":[{"count":1,"href":"http:\/\/biztonsagosveszprem.hu\/index.php?rest_route=\/wp\/v2\/posts\/24577\/revisions"}],"predecessor-version":[{"id":24579,"href":"http:\/\/biztonsagosveszprem.hu\/index.php?rest_route=\/wp\/v2\/posts\/24577\/revisions\/24579"}],"wp:attachment":[{"href":"http:\/\/biztonsagosveszprem.hu\/index.php?rest_route=%2Fwp%2Fv2%2Fmedia&parent=24577"}],"wp:term":[{"taxonomy":"category","embeddable":true,"href":"http:\/\/biztonsagosveszprem.hu\/index.php?rest_route=%2Fwp%2Fv2%2Fcategories&post=24577"},{"taxonomy":"post_tag","embeddable":true,"href":"http:\/\/biztonsagosveszprem.hu\/index.php?rest_route=%2Fwp%2Fv2%2Ftags&post=24577"}],"curies":[{"name":"wp","href":"https:\/\/api.w.org\/{rel}","templated":true}]}}