{"id":24534,"date":"2025-10-31T09:24:33","date_gmt":"2025-10-31T08:24:33","guid":{"rendered":"http:\/\/biztonsagosveszprem.hu\/?p=24534"},"modified":"2025-10-31T09:24:33","modified_gmt":"2025-10-31T08:24:33","slug":"az-online-ter-fekete-listaja","status":"publish","type":"post","link":"http:\/\/biztonsagosveszprem.hu\/?p=24534","title":{"rendered":"Az online t\u00e9r fekete list\u00e1ja"},"content":{"rendered":"<p><strong>Prevenci\u00f3s el\u0151ad\u00e1s az id\u0151sek digit\u00e1lis biztons\u00e1g\u00e1\u00e9rt.<\/strong><\/p>\n<p><a href=\"http:\/\/biztonsagosveszprem.hu\/wp-content\/uploads\/2025\/10\/eloadas2.jpeg\"><img loading=\"lazy\" class=\"aligncenter size-full wp-image-24535\" src=\"http:\/\/biztonsagosveszprem.hu\/wp-content\/uploads\/2025\/10\/eloadas2.jpeg\" alt=\"\" width=\"751\" height=\"500\" srcset=\"http:\/\/biztonsagosveszprem.hu\/wp-content\/uploads\/2025\/10\/eloadas2.jpeg 751w, http:\/\/biztonsagosveszprem.hu\/wp-content\/uploads\/2025\/10\/eloadas2-300x200.jpeg 300w\" sizes=\"(max-width: 751px) 100vw, 751px\" \/><\/a><\/p>\n<p>A Veszpr\u00e9mi Rend\u0151rkapit\u00e1nys\u00e1g b\u0171nmegel\u0151z\u00e9si munkat\u00e1rsa okt\u00f3ber 30-\u00e1n a veszpr\u00e9mi E\u00f6tv\u00f6s K\u00e1roly K\u00f6nyvt\u00e1r D\u00f3zsav\u00e1rosi Fi\u00f3kk\u00f6nyvt\u00e1r\u00e1ban tartott el\u0151ad\u00e1st h\u00e1rom nyugd\u00edjasklub tagjai r\u00e9sz\u00e9re.<\/p>\n<p>A r\u00e9sztvev\u0151k az online csal\u00e1s t\u00e9mak\u00f6r\u00e9ben kaptak hasznos inform\u00e1ci\u00f3kat, de a k\u00f6zelm\u00faltban ism\u00e9telten felt\u0171nt unok\u00e1z\u00f3s csal\u00e1s vesz\u00e9lyeire is felh\u00edvt\u00e1k a rend\u0151r\u00f6k a sz\u00e9pkor\u00faak figyelm\u00fcket.<\/p>\n<p>Az el\u0151ad\u00e1s f\u0151 c\u00e9lja volt, hogy az id\u0151sek a megszerzett inform\u00e1ci\u00f3k birtok\u00e1ban b\u00e1tran haszn\u00e1lj\u00e1k ki a digit\u00e1lis t\u00e9r el\u0151nyeit, ugyanakkor megismerj\u00e9k az online vil\u00e1got jellemz\u0151 \u00e9s fenyeget\u0151 b\u0171ncselekm\u00e9nyeket, elk\u00f6vet\u00e9si m\u00f3dszereket, az \u00e1ldozatt\u00e1 v\u00e1l\u00e1s re\u00e1lis kock\u00e1zatait, valamint a megel\u0151z\u00e9s m\u00f3djait, lehet\u0151s\u00e9geit.<\/p>\n","protected":false},"excerpt":{"rendered":"<p>Prevenci\u00f3s el\u0151ad\u00e1s az id\u0151sek digit\u00e1lis biztons\u00e1g\u00e1\u00e9rt. A Veszpr\u00e9mi Rend\u0151rkapit\u00e1nys\u00e1g b\u0171nmegel\u0151z\u00e9si munkat\u00e1rsa okt\u00f3ber 30-\u00e1n a veszpr\u00e9mi E\u00f6tv\u00f6s K\u00e1roly K\u00f6nyvt\u00e1r D\u00f3zsav\u00e1rosi Fi\u00f3kk\u00f6nyvt\u00e1r\u00e1ban tartott el\u0151ad\u00e1st h\u00e1rom nyugd\u00edjasklub tagjai r\u00e9sz\u00e9re. A r\u00e9sztvev\u0151k az online csal\u00e1s t\u00e9mak\u00f6r\u00e9ben kaptak hasznos inform\u00e1ci\u00f3kat, de a k\u00f6zelm\u00faltban ism\u00e9telten felt\u0171nt &hellip; <a href=\"http:\/\/biztonsagosveszprem.hu\/?p=24534\">Egy kattint\u00e1s ide a folytat\u00e1shoz&#8230;. <span class=\"meta-nav\">&rarr;<\/span><\/a><\/p>\n","protected":false},"author":1,"featured_media":0,"comment_status":"closed","ping_status":"open","sticky":false,"template":"","format":"standard","meta":[],"categories":[4,3],"tags":[],"_links":{"self":[{"href":"http:\/\/biztonsagosveszprem.hu\/index.php?rest_route=\/wp\/v2\/posts\/24534"}],"collection":[{"href":"http:\/\/biztonsagosveszprem.hu\/index.php?rest_route=\/wp\/v2\/posts"}],"about":[{"href":"http:\/\/biztonsagosveszprem.hu\/index.php?rest_route=\/wp\/v2\/types\/post"}],"author":[{"embeddable":true,"href":"http:\/\/biztonsagosveszprem.hu\/index.php?rest_route=\/wp\/v2\/users\/1"}],"replies":[{"embeddable":true,"href":"http:\/\/biztonsagosveszprem.hu\/index.php?rest_route=%2Fwp%2Fv2%2Fcomments&post=24534"}],"version-history":[{"count":1,"href":"http:\/\/biztonsagosveszprem.hu\/index.php?rest_route=\/wp\/v2\/posts\/24534\/revisions"}],"predecessor-version":[{"id":24536,"href":"http:\/\/biztonsagosveszprem.hu\/index.php?rest_route=\/wp\/v2\/posts\/24534\/revisions\/24536"}],"wp:attachment":[{"href":"http:\/\/biztonsagosveszprem.hu\/index.php?rest_route=%2Fwp%2Fv2%2Fmedia&parent=24534"}],"wp:term":[{"taxonomy":"category","embeddable":true,"href":"http:\/\/biztonsagosveszprem.hu\/index.php?rest_route=%2Fwp%2Fv2%2Fcategories&post=24534"},{"taxonomy":"post_tag","embeddable":true,"href":"http:\/\/biztonsagosveszprem.hu\/index.php?rest_route=%2Fwp%2Fv2%2Ftags&post=24534"}],"curies":[{"name":"wp","href":"https:\/\/api.w.org\/{rel}","templated":true}]}}