{"id":24531,"date":"2025-10-30T12:30:08","date_gmt":"2025-10-30T11:30:08","guid":{"rendered":"http:\/\/biztonsagosveszprem.hu\/?p=24531"},"modified":"2025-10-30T12:30:08","modified_gmt":"2025-10-30T11:30:08","slug":"a-posta-elott-fenyegette-meg-ismeroset","status":"publish","type":"post","link":"http:\/\/biztonsagosveszprem.hu\/?p=24531","title":{"rendered":"A posta el\u0151tt fenyegette meg ismer\u0151s\u00e9t"},"content":{"rendered":"<p><strong>A Veszpr\u00e9mi Rend\u0151rkapit\u00e1nys\u00e1g nyomoz\u00f3i zaklat\u00e1s miatt folytattak elj\u00e1r\u00e1st.<\/strong><\/p>\n<p><a href=\"http:\/\/biztonsagosveszprem.hu\/wp-content\/uploads\/2025\/10\/logo24_35.jpg\"><img loading=\"lazy\" class=\"aligncenter size-full wp-image-24532\" src=\"http:\/\/biztonsagosveszprem.hu\/wp-content\/uploads\/2025\/10\/logo24_35.jpg\" alt=\"\" width=\"751\" height=\"500\" srcset=\"http:\/\/biztonsagosveszprem.hu\/wp-content\/uploads\/2025\/10\/logo24_35.jpg 751w, http:\/\/biztonsagosveszprem.hu\/wp-content\/uploads\/2025\/10\/logo24_35-300x200.jpg 300w\" sizes=\"(max-width: 751px) 100vw, 751px\" \/><\/a><\/p>\n<div class=\"body-text\">\n<p>Egy Veszpr\u00e9m k\u00f6rny\u00e9ki lakos tett feljelent\u00e9st a kapit\u00e1nys\u00e1gon egyik ismer\u0151se ellen, aki okt\u00f3ber 2-\u00e1n reggel a k\u00f6zs\u00e9g postahivatala el\u0151tt tr\u00e1g\u00e1r kifejez\u00e9sekkel \u00e9letvesz\u00e9lyesen megfenyegette. Egy kor\u00e1bbi elsz\u00e1mol\u00e1si vita miatt alakult ki k\u00f6z\u00f6tt\u00fck n\u00e9zetelt\u00e9r\u00e9s.<\/p>\n<p>A nyomoz\u00f3k zaklat\u00e1s miatt gyan\u00fas\u00edtottk\u00e9nt hallgatt\u00e1k ki a 64 \u00e9ves f\u00e9rfit.<\/p>\n<p>A Veszpr\u00e9mi Rend\u0151rkapit\u00e1nys\u00e1g befejezte a vizsg\u00e1latot, \u00e9s v\u00e1demel\u00e9si javaslattal \u00e1tadta az \u00fcgy\u00e9szs\u00e9gnek.<\/p>\n<\/div>\n","protected":false},"excerpt":{"rendered":"<p>A Veszpr\u00e9mi Rend\u0151rkapit\u00e1nys\u00e1g nyomoz\u00f3i zaklat\u00e1s miatt folytattak elj\u00e1r\u00e1st. Egy Veszpr\u00e9m k\u00f6rny\u00e9ki lakos tett feljelent\u00e9st a kapit\u00e1nys\u00e1gon egyik ismer\u0151se ellen, aki okt\u00f3ber 2-\u00e1n reggel a k\u00f6zs\u00e9g postahivatala el\u0151tt tr\u00e1g\u00e1r kifejez\u00e9sekkel \u00e9letvesz\u00e9lyesen megfenyegette. Egy kor\u00e1bbi elsz\u00e1mol\u00e1si vita miatt alakult ki k\u00f6z\u00f6tt\u00fck n\u00e9zetelt\u00e9r\u00e9s. &hellip; <a href=\"http:\/\/biztonsagosveszprem.hu\/?p=24531\">Egy kattint\u00e1s ide a folytat\u00e1shoz&#8230;. <span class=\"meta-nav\">&rarr;<\/span><\/a><\/p>\n","protected":false},"author":1,"featured_media":0,"comment_status":"closed","ping_status":"open","sticky":false,"template":"","format":"standard","meta":[],"categories":[4,3],"tags":[],"_links":{"self":[{"href":"http:\/\/biztonsagosveszprem.hu\/index.php?rest_route=\/wp\/v2\/posts\/24531"}],"collection":[{"href":"http:\/\/biztonsagosveszprem.hu\/index.php?rest_route=\/wp\/v2\/posts"}],"about":[{"href":"http:\/\/biztonsagosveszprem.hu\/index.php?rest_route=\/wp\/v2\/types\/post"}],"author":[{"embeddable":true,"href":"http:\/\/biztonsagosveszprem.hu\/index.php?rest_route=\/wp\/v2\/users\/1"}],"replies":[{"embeddable":true,"href":"http:\/\/biztonsagosveszprem.hu\/index.php?rest_route=%2Fwp%2Fv2%2Fcomments&post=24531"}],"version-history":[{"count":1,"href":"http:\/\/biztonsagosveszprem.hu\/index.php?rest_route=\/wp\/v2\/posts\/24531\/revisions"}],"predecessor-version":[{"id":24533,"href":"http:\/\/biztonsagosveszprem.hu\/index.php?rest_route=\/wp\/v2\/posts\/24531\/revisions\/24533"}],"wp:attachment":[{"href":"http:\/\/biztonsagosveszprem.hu\/index.php?rest_route=%2Fwp%2Fv2%2Fmedia&parent=24531"}],"wp:term":[{"taxonomy":"category","embeddable":true,"href":"http:\/\/biztonsagosveszprem.hu\/index.php?rest_route=%2Fwp%2Fv2%2Fcategories&post=24531"},{"taxonomy":"post_tag","embeddable":true,"href":"http:\/\/biztonsagosveszprem.hu\/index.php?rest_route=%2Fwp%2Fv2%2Ftags&post=24531"}],"curies":[{"name":"wp","href":"https:\/\/api.w.org\/{rel}","templated":true}]}}