{"id":24527,"date":"2025-10-27T12:31:50","date_gmt":"2025-10-27T11:31:50","guid":{"rendered":"http:\/\/biztonsagosveszprem.hu\/?p=24527"},"modified":"2025-10-27T12:31:50","modified_gmt":"2025-10-27T11:31:50","slug":"allatkinzas-egy-lakotelepi-lakasban","status":"publish","type":"post","link":"http:\/\/biztonsagosveszprem.hu\/?p=24527","title":{"rendered":"\u00c1llatk\u00ednz\u00e1s egy lak\u00f3telepi lak\u00e1sban"},"content":{"rendered":"<div class=\"lead-text\">\n<p><strong>A 70 \u00e9ves veszpr\u00e9mi f\u00e9rfit a nyomoz\u00f3k gyan\u00fas\u00edtottk\u00e9nt hallgatt\u00e1k ki.<\/strong><\/p>\n<\/div>\n<p><a href=\"http:\/\/biztonsagosveszprem.hu\/wp-content\/uploads\/2025\/10\/allatkinzas5.png\"><img loading=\"lazy\" class=\"aligncenter size-full wp-image-24528\" src=\"http:\/\/biztonsagosveszprem.hu\/wp-content\/uploads\/2025\/10\/allatkinzas5.png\" alt=\"\" width=\"751\" height=\"500\" srcset=\"http:\/\/biztonsagosveszprem.hu\/wp-content\/uploads\/2025\/10\/allatkinzas5.png 751w, http:\/\/biztonsagosveszprem.hu\/wp-content\/uploads\/2025\/10\/allatkinzas5-300x200.png 300w\" sizes=\"(max-width: 751px) 100vw, 751px\" \/><\/a><\/p>\n<p>\u00c1llampolg\u00e1ri bejelent\u00e9s \u00e9rkezett a rend\u0151rs\u00e9gre okt\u00f3ber 20-\u00e1n k\u00e9s\u0151 este, hogy az egyik veszpr\u00e9mi lak\u00f3telepi lak\u00e1sban egy kutya \u00f3r\u00e1k \u00f3ta vony\u00edt, \u00e9s az ott lak\u00f3 tulajdonossal nem tudj\u00e1k felvenni a kapcsolatot.<\/p>\n<p>A j\u00e1r\u0151r\u00f6k bementek az ingatlanba, \u00e9s azt tapasztalt\u00e1k, hogy az eb szemmel l\u00e1that\u00f3an k\u00f3rosan alult\u00e1pl\u00e1lt, szemei be voltak gyulladva, illetve testszerte gennyes gyullad\u00e1sok voltak rajta. A n\u00e9gyl\u00e1b\u00fa etet\u00e9s\u00e9re szolg\u00e1l\u00f3 t\u00e1lban romlott \u00e9telmarad\u00e9kot tal\u00e1ltak.<\/p>\n<p>Ellen\u0151rizt\u00e9k a kutya olt\u00e1si k\u00f6nyv\u00e9t is, azonban gazd\u00e1ja a k\u00f6telez\u0151en el\u0151\u00edrt veszetts\u00e9g elleni v\u00e9d\u0151olt\u00e1s beadat\u00e1s\u00e1r\u00f3l sem gondoskodott.<\/p>\n<p>Az \u00e1llattart\u00e1s k\u00f6r\u00fclm\u00e9nyeire \u00e9s a b\u0171ncselekm\u00e9ny gyan\u00faj\u00e1ra tekintettel a rend\u0151r\u00f6k k\u00f6zrem\u0171k\u00f6d\u00e9s\u00e9vel az Olt-Alom \u00c1llatv\u00e9d\u0151 Egyes\u00fclet az ebet elsz\u00e1ll\u00edtotta.<\/p>\n<p>A j\u00e1r\u0151r\u00f6k a 70 \u00e9ves ebtulajdonost el\u0151\u00e1ll\u00edtott\u00e1k, \u00e9s \u00e1llatk\u00ednz\u00e1s miatt gyan\u00fas\u00edtottk\u00e9nt hallgatt\u00e1k ki.<\/p>\n","protected":false},"excerpt":{"rendered":"<p>A 70 \u00e9ves veszpr\u00e9mi f\u00e9rfit a nyomoz\u00f3k gyan\u00fas\u00edtottk\u00e9nt hallgatt\u00e1k ki. \u00c1llampolg\u00e1ri bejelent\u00e9s \u00e9rkezett a rend\u0151rs\u00e9gre okt\u00f3ber 20-\u00e1n k\u00e9s\u0151 este, hogy az egyik veszpr\u00e9mi lak\u00f3telepi lak\u00e1sban egy kutya \u00f3r\u00e1k \u00f3ta vony\u00edt, \u00e9s az ott lak\u00f3 tulajdonossal nem tudj\u00e1k felvenni a kapcsolatot. &hellip; <a href=\"http:\/\/biztonsagosveszprem.hu\/?p=24527\">Egy kattint\u00e1s ide a folytat\u00e1shoz&#8230;. <span class=\"meta-nav\">&rarr;<\/span><\/a><\/p>\n","protected":false},"author":1,"featured_media":0,"comment_status":"closed","ping_status":"open","sticky":false,"template":"","format":"standard","meta":[],"categories":[4,3],"tags":[],"_links":{"self":[{"href":"http:\/\/biztonsagosveszprem.hu\/index.php?rest_route=\/wp\/v2\/posts\/24527"}],"collection":[{"href":"http:\/\/biztonsagosveszprem.hu\/index.php?rest_route=\/wp\/v2\/posts"}],"about":[{"href":"http:\/\/biztonsagosveszprem.hu\/index.php?rest_route=\/wp\/v2\/types\/post"}],"author":[{"embeddable":true,"href":"http:\/\/biztonsagosveszprem.hu\/index.php?rest_route=\/wp\/v2\/users\/1"}],"replies":[{"embeddable":true,"href":"http:\/\/biztonsagosveszprem.hu\/index.php?rest_route=%2Fwp%2Fv2%2Fcomments&post=24527"}],"version-history":[{"count":1,"href":"http:\/\/biztonsagosveszprem.hu\/index.php?rest_route=\/wp\/v2\/posts\/24527\/revisions"}],"predecessor-version":[{"id":24529,"href":"http:\/\/biztonsagosveszprem.hu\/index.php?rest_route=\/wp\/v2\/posts\/24527\/revisions\/24529"}],"wp:attachment":[{"href":"http:\/\/biztonsagosveszprem.hu\/index.php?rest_route=%2Fwp%2Fv2%2Fmedia&parent=24527"}],"wp:term":[{"taxonomy":"category","embeddable":true,"href":"http:\/\/biztonsagosveszprem.hu\/index.php?rest_route=%2Fwp%2Fv2%2Fcategories&post=24527"},{"taxonomy":"post_tag","embeddable":true,"href":"http:\/\/biztonsagosveszprem.hu\/index.php?rest_route=%2Fwp%2Fv2%2Ftags&post=24527"}],"curies":[{"name":"wp","href":"https:\/\/api.w.org\/{rel}","templated":true}]}}