{"id":24513,"date":"2025-10-16T14:32:17","date_gmt":"2025-10-16T13:32:17","guid":{"rendered":"http:\/\/biztonsagosveszprem.hu\/?p=24513"},"modified":"2025-10-16T14:32:17","modified_gmt":"2025-10-16T13:32:17","slug":"kessel-fenyegetett-a-ferfi","status":"publish","type":"post","link":"http:\/\/biztonsagosveszprem.hu\/?p=24513","title":{"rendered":"K\u00c9SSEL FENYEGETETT A F\u00c9RFI"},"content":{"rendered":"<p><strong>Egy bakonyi faluban int\u00e9zkedtek a veszpr\u00e9mi rend\u0151r\u00f6k.<\/strong><\/p>\n<p><a href=\"http:\/\/biztonsagosveszprem.hu\/wp-content\/uploads\/2025\/10\/VeszpremLogo1_3.jpg\"><img loading=\"lazy\" class=\"aligncenter size-full wp-image-24514\" src=\"http:\/\/biztonsagosveszprem.hu\/wp-content\/uploads\/2025\/10\/VeszpremLogo1_3.jpg\" alt=\"\" width=\"751\" height=\"500\" srcset=\"http:\/\/biztonsagosveszprem.hu\/wp-content\/uploads\/2025\/10\/VeszpremLogo1_3.jpg 751w, http:\/\/biztonsagosveszprem.hu\/wp-content\/uploads\/2025\/10\/VeszpremLogo1_3-300x200.jpg 300w\" sizes=\"(max-width: 751px) 100vw, 751px\" \/><\/a><\/p>\n<p>Bejelent\u00e9s \u00e9rkezett okt\u00f3ber 13-\u00e1n d\u00e9lut\u00e1n, hogy a\u00a0Veszpr\u00e9m k\u00f6rny\u00e9ki telep\u00fcl\u00e9sen egy f\u00e9rfi megfenyegette a m\u00e1sikat.<\/p>\n<p>A kor\u00e1bbi \u00e9s a mostani \u00e9lett\u00e1rsak k\u00f6z\u00f6tt alakult ki n\u00e9zetk\u00fcl\u00f6nbs\u00e9g, melyben a 49 \u00e9ves zirci lakos olyan kijelent\u00e9seket tett, hogy a m\u00e1sik \u00e9let\u00e9re t\u00f6r. M\u00e9g egy k\u00e9st is k\u00e9zbe vett hevess\u00e9g\u00e9ben, \u00e1m azt v\u00e9g\u00fcl volt \u00e9lett\u00e1rs\u00e1nak k\u00e9r\u00e9s\u00e9re letette.<\/p>\n<p>Az int\u00e9zked\u00e9sekor a l\u00e1togat\u00f3ba \u00e9rkez\u0151 szem\u00e9ly folytatta az er\u0151szakos viselked\u00e9st, ez\u00e9rt \u0151t a rend\u0151r\u00f6k elfogt\u00e1k, majd \u0151rizetbe vett\u00e9k.<\/p>\n<p>Ellene zaklat\u00e1s miatt folyik a nyomoz\u00e1s.<\/p>\n","protected":false},"excerpt":{"rendered":"<p>Egy bakonyi faluban int\u00e9zkedtek a veszpr\u00e9mi rend\u0151r\u00f6k. Bejelent\u00e9s \u00e9rkezett okt\u00f3ber 13-\u00e1n d\u00e9lut\u00e1n, hogy a\u00a0Veszpr\u00e9m k\u00f6rny\u00e9ki telep\u00fcl\u00e9sen egy f\u00e9rfi megfenyegette a m\u00e1sikat. A kor\u00e1bbi \u00e9s a mostani \u00e9lett\u00e1rsak k\u00f6z\u00f6tt alakult ki n\u00e9zetk\u00fcl\u00f6nbs\u00e9g, melyben a 49 \u00e9ves zirci lakos olyan kijelent\u00e9seket tett, &hellip; <a href=\"http:\/\/biztonsagosveszprem.hu\/?p=24513\">Egy kattint\u00e1s ide a folytat\u00e1shoz&#8230;. <span class=\"meta-nav\">&rarr;<\/span><\/a><\/p>\n","protected":false},"author":1,"featured_media":0,"comment_status":"closed","ping_status":"open","sticky":false,"template":"","format":"standard","meta":[],"categories":[4,3],"tags":[],"_links":{"self":[{"href":"http:\/\/biztonsagosveszprem.hu\/index.php?rest_route=\/wp\/v2\/posts\/24513"}],"collection":[{"href":"http:\/\/biztonsagosveszprem.hu\/index.php?rest_route=\/wp\/v2\/posts"}],"about":[{"href":"http:\/\/biztonsagosveszprem.hu\/index.php?rest_route=\/wp\/v2\/types\/post"}],"author":[{"embeddable":true,"href":"http:\/\/biztonsagosveszprem.hu\/index.php?rest_route=\/wp\/v2\/users\/1"}],"replies":[{"embeddable":true,"href":"http:\/\/biztonsagosveszprem.hu\/index.php?rest_route=%2Fwp%2Fv2%2Fcomments&post=24513"}],"version-history":[{"count":1,"href":"http:\/\/biztonsagosveszprem.hu\/index.php?rest_route=\/wp\/v2\/posts\/24513\/revisions"}],"predecessor-version":[{"id":24515,"href":"http:\/\/biztonsagosveszprem.hu\/index.php?rest_route=\/wp\/v2\/posts\/24513\/revisions\/24515"}],"wp:attachment":[{"href":"http:\/\/biztonsagosveszprem.hu\/index.php?rest_route=%2Fwp%2Fv2%2Fmedia&parent=24513"}],"wp:term":[{"taxonomy":"category","embeddable":true,"href":"http:\/\/biztonsagosveszprem.hu\/index.php?rest_route=%2Fwp%2Fv2%2Fcategories&post=24513"},{"taxonomy":"post_tag","embeddable":true,"href":"http:\/\/biztonsagosveszprem.hu\/index.php?rest_route=%2Fwp%2Fv2%2Ftags&post=24513"}],"curies":[{"name":"wp","href":"https:\/\/api.w.org\/{rel}","templated":true}]}}