{"id":24506,"date":"2025-10-09T13:01:38","date_gmt":"2025-10-09T12:01:38","guid":{"rendered":"http:\/\/biztonsagosveszprem.hu\/?p=24506"},"modified":"2025-10-09T13:01:38","modified_gmt":"2025-10-09T12:01:38","slug":"ujra-felutotte-fejet-az-unokazos-csalas-veszpremben","status":"publish","type":"post","link":"http:\/\/biztonsagosveszprem.hu\/?p=24506","title":{"rendered":"\u00dajra fel\u00fct\u00f6tte fej\u00e9t az unok\u00e1z\u00f3s csal\u00e1s Veszpr\u00e9mben"},"content":{"rendered":"<div class=\"lead-text\">\n<p><strong>Az id\u0151s n\u0151 az ablakon dobta ki a csal\u00f3nak a p\u00e9nzt \u00e9s az arany \u00e9kszereket.<\/strong><\/p>\n<\/div>\n<p><a href=\"http:\/\/biztonsagosveszprem.hu\/wp-content\/uploads\/2025\/10\/unokazos1_0.jpg\"><img loading=\"lazy\" class=\"aligncenter size-full wp-image-24507\" src=\"http:\/\/biztonsagosveszprem.hu\/wp-content\/uploads\/2025\/10\/unokazos1_0.jpg\" alt=\"\" width=\"751\" height=\"500\" srcset=\"http:\/\/biztonsagosveszprem.hu\/wp-content\/uploads\/2025\/10\/unokazos1_0.jpg 751w, http:\/\/biztonsagosveszprem.hu\/wp-content\/uploads\/2025\/10\/unokazos1_0-300x200.jpg 300w\" sizes=\"(max-width: 751px) 100vw, 751px\" \/><\/a><\/p>\n<p>Egy veszpr\u00e9mi lakos tett feljelent\u00e9st a rend\u0151rs\u00e9gen, hogy okt\u00f3ber 6-\u00e1n d\u00e9lut\u00e1n id\u0151s nagymam\u00e1j\u00e1t vezet\u00e9kes telefonon kereste egy mag\u00e1t \u00fcgyv\u00e9dnek kiad\u00f3 f\u00e9rfi.\u00a0 Azt mondta, hogy a l\u00e1ny\u00e1t a rend\u0151r\u00f6k \u201eletart\u00f3ztatt\u00e1k\u201d, \u00e9s ki kellene v\u00e1ltani \u0151t. Az id\u0151s n\u0151 ezut\u00e1n megtakar\u00edtott p\u00e9nz\u00e9t, t\u00f6bb sz\u00e1zezer forintot, valamint az \u00e9kszereit az ablakon \u00e1t ledobta a csal\u00f3nak. A b\u0171ncselekm\u00e9nnyel okozott k\u00e1r k\u00f6zel 3 milli\u00f3 forint.<\/p>\n<p>A Veszpr\u00e9mi rend\u0151rkapit\u00e1nys\u00e1g csal\u00e1s miatt ind\u00edtott nyomoz\u00e1st.<\/p>\n<p>A Veszpr\u00e9m V\u00e1rmegyei Rend\u0151r-f\u0151kapit\u00e1nys\u00e1g az al\u00e1bbiakra h\u00edvja fel a figyelmet az \u00e1ldozatt\u00e1 v\u00e1l\u00e1s elker\u00fcl\u00e9se \u00e9rdek\u00e9ben:<\/p>\n<ul>\n<li>Amennyiben hasonl\u00f3 telefonh\u00edv\u00e1st kap, mindig j\u00e1rjon ut\u00e1na, hogy rokona val\u00f3ban bajban van-e: tegye le a telefont, majd h\u00edvja fel a hozz\u00e1tartoz\u00f3j\u00e1t, akire hivatkoztak!<\/li>\n<li>Soha ne felejtse el: hivatalos szem\u00e9ly soha nem k\u00e9r p\u00e9nzt!<\/li>\n<li>Mindig legyen gyan\u00fas, ha p\u00e9nz vagy m\u00e1s \u00e9rt\u00e9kek \u00e1tad\u00e1s\u00e1ra, tov\u00e1bb\u00e1 \u00e1tutal\u00e1sra k\u00e9rik!<\/li>\n<li>Bankk\u00e1rtya- \u00e9s szem\u00e9lyes adatait semmilyen k\u00f6r\u00fclm\u00e9nyek k\u00f6z\u00f6tt ne adja meg idegeneknek!<\/li>\n<li>Nyilv\u00e1nos helyen, idegenek jelenl\u00e9t\u00e9ben ne besz\u00e9ljen mag\u00e1n\u00fcgyeir\u0151l, mert vissza\u00e9lhetnek az inform\u00e1ci\u00f3kkal!<\/li>\n<li>Ha felmer\u00fcl, hogy b\u0171ncselekm\u00e9nyt pr\u00f3b\u00e1ltak meg elk\u00f6vetni \u00d6n vagy hozz\u00e1tartoz\u00f3ja s\u00e9relm\u00e9re, h\u00edvja azonnal a 112-es seg\u00e9lyh\u00edv\u00f3 sz\u00e1mot!<\/li>\n<\/ul>\n","protected":false},"excerpt":{"rendered":"<p>Az id\u0151s n\u0151 az ablakon dobta ki a csal\u00f3nak a p\u00e9nzt \u00e9s az arany \u00e9kszereket. Egy veszpr\u00e9mi lakos tett feljelent\u00e9st a rend\u0151rs\u00e9gen, hogy okt\u00f3ber 6-\u00e1n d\u00e9lut\u00e1n id\u0151s nagymam\u00e1j\u00e1t vezet\u00e9kes telefonon kereste egy mag\u00e1t \u00fcgyv\u00e9dnek kiad\u00f3 f\u00e9rfi.\u00a0 Azt mondta, hogy a &hellip; <a href=\"http:\/\/biztonsagosveszprem.hu\/?p=24506\">Egy kattint\u00e1s ide a folytat\u00e1shoz&#8230;. <span class=\"meta-nav\">&rarr;<\/span><\/a><\/p>\n","protected":false},"author":1,"featured_media":0,"comment_status":"closed","ping_status":"open","sticky":false,"template":"","format":"standard","meta":[],"categories":[4,3],"tags":[],"_links":{"self":[{"href":"http:\/\/biztonsagosveszprem.hu\/index.php?rest_route=\/wp\/v2\/posts\/24506"}],"collection":[{"href":"http:\/\/biztonsagosveszprem.hu\/index.php?rest_route=\/wp\/v2\/posts"}],"about":[{"href":"http:\/\/biztonsagosveszprem.hu\/index.php?rest_route=\/wp\/v2\/types\/post"}],"author":[{"embeddable":true,"href":"http:\/\/biztonsagosveszprem.hu\/index.php?rest_route=\/wp\/v2\/users\/1"}],"replies":[{"embeddable":true,"href":"http:\/\/biztonsagosveszprem.hu\/index.php?rest_route=%2Fwp%2Fv2%2Fcomments&post=24506"}],"version-history":[{"count":1,"href":"http:\/\/biztonsagosveszprem.hu\/index.php?rest_route=\/wp\/v2\/posts\/24506\/revisions"}],"predecessor-version":[{"id":24508,"href":"http:\/\/biztonsagosveszprem.hu\/index.php?rest_route=\/wp\/v2\/posts\/24506\/revisions\/24508"}],"wp:attachment":[{"href":"http:\/\/biztonsagosveszprem.hu\/index.php?rest_route=%2Fwp%2Fv2%2Fmedia&parent=24506"}],"wp:term":[{"taxonomy":"category","embeddable":true,"href":"http:\/\/biztonsagosveszprem.hu\/index.php?rest_route=%2Fwp%2Fv2%2Fcategories&post=24506"},{"taxonomy":"post_tag","embeddable":true,"href":"http:\/\/biztonsagosveszprem.hu\/index.php?rest_route=%2Fwp%2Fv2%2Ftags&post=24506"}],"curies":[{"name":"wp","href":"https:\/\/api.w.org\/{rel}","templated":true}]}}