{"id":24503,"date":"2025-10-09T12:58:30","date_gmt":"2025-10-09T11:58:30","guid":{"rendered":"http:\/\/biztonsagosveszprem.hu\/?p=24503"},"modified":"2025-10-09T12:58:30","modified_gmt":"2025-10-09T11:58:30","slug":"online-csalasokrol-a-varoshazan","status":"publish","type":"post","link":"http:\/\/biztonsagosveszprem.hu\/?p=24503","title":{"rendered":"Online csal\u00e1sokr\u00f3l a v\u00e1rosh\u00e1z\u00e1n"},"content":{"rendered":"<p><strong>A kibert\u00e9r vesz\u00e9lyeir\u0151l tartottak t\u00e1j\u00e9koztat\u00f3t a v\u00e1rosh\u00e1z\u00e1n a Veszpr\u00e9mi Rend\u0151rkapit\u00e1nys\u00e1g szakemberei.<\/strong><\/p>\n<p><a href=\"http:\/\/biztonsagosveszprem.hu\/wp-content\/uploads\/2025\/10\/vp-online-csalas.jpg\"><img loading=\"lazy\" class=\"aligncenter size-full wp-image-24504\" src=\"http:\/\/biztonsagosveszprem.hu\/wp-content\/uploads\/2025\/10\/vp-online-csalas.jpg\" alt=\"\" width=\"751\" height=\"500\" srcset=\"http:\/\/biztonsagosveszprem.hu\/wp-content\/uploads\/2025\/10\/vp-online-csalas.jpg 751w, http:\/\/biztonsagosveszprem.hu\/wp-content\/uploads\/2025\/10\/vp-online-csalas-300x200.jpg 300w\" sizes=\"(max-width: 751px) 100vw, 751px\" \/><\/a><\/p>\n<div class=\"body-text\">\n<p>Mintegy \u00f6tven hivatalnok vett r\u00e9szt a Veszpr\u00e9mi Rend\u0151rkapit\u00e1nys\u00e1g megel\u0151z\u00e9si munkat\u00e1rs\u00e1nak b\u0171nmegel\u0151z\u00e9si el\u0151ad\u00e1s\u00e1n okt\u00f3ber 8-\u00e1n, ahol gyakorlati tan\u00e1csokat kaptak az internetes csal\u00e1sok elker\u00fcl\u00e9s\u00e9hez.<\/p>\n<p>A v\u00e1rosh\u00e1za Kossuth term\u00e9ben tartott el\u0151ad\u00e1son a jelenl\u00e9v\u0151k megismerhett\u00e9k az internetes csal\u00e1sok leg\u00fajabb elk\u00f6vet\u00e9si m\u00f3djait. A r\u00e9sztvev\u0151k prevenci\u00f3s tippeket \u00e9s hasznos inform\u00e1ci\u00f3kat kaptak az online v\u00e1s\u00e1rl\u00e1sok \u00e9s piacterek biztons\u00e1gos, c\u00e9ltudatos haszn\u00e1lat\u00e1hoz is. Ezek alkalmaz\u00e1s\u00e1val k\u00f6nnyebben felismerhet\u0151v\u00e9 v\u00e1lnak azok a weboldalak \u00e9s felhaszn\u00e1l\u00f3k, akiknek c\u00e9lja a potenci\u00e1lis s\u00e9rtetti k\u00f6r megk\u00e1ros\u00edt\u00e1sa. A program sor\u00e1n sz\u00f3 esett a kor\u00e1bban m\u00e1r ismert, de \u00fajra megjelen\u0151 \u201eunok\u00e1z\u00f3s\u201d csal\u00e1sokr\u00f3l is.<\/p>\n<p>Az el\u0151ad\u00e1s v\u00e9g\u00e9n egy vide\u00f3t is levet\u00edtettek, amely egy \u00e1lbanki \u00fcgyint\u00e9z\u0151 \u00e9s egy gyan\u00fatlan \u00fcgyf\u00e9l besz\u00e9lget\u00e9s\u00e9t mutatta be. A felv\u00e9telen a csal\u00f3 t\u00e1voli hozz\u00e1f\u00e9r\u00e9st biztos\u00edt\u00f3 program telep\u00edt\u00e9s\u00e9re pr\u00f3b\u00e1lta r\u00e1venni a s\u00e9rtettet \u2013 ezt a tr\u00fckk\u00f6t nagyon gyakori m\u00f3dszerk\u00e9nt haszn\u00e1lj\u00e1k a tr\u00fckk\u00f6t a kiberb\u0171n\u00f6z\u0151k.<\/p>\n<p>Az online t\u00e9rben elk\u00f6vetett csal\u00e1sok megel\u0151z\u00e9s\u00e9r\u0151l hasznos inform\u00e1ci\u00f3kat, aktualit\u00e1sokat, tan\u00e1csokat a\u00a0<a href=\"https:\/\/kiberpajzs.hu\/\">KiberPajzs oldal\u00e1n<\/a> tal\u00e1l.<\/p>\n<\/div>\n","protected":false},"excerpt":{"rendered":"<p>A kibert\u00e9r vesz\u00e9lyeir\u0151l tartottak t\u00e1j\u00e9koztat\u00f3t a v\u00e1rosh\u00e1z\u00e1n a Veszpr\u00e9mi Rend\u0151rkapit\u00e1nys\u00e1g szakemberei. Mintegy \u00f6tven hivatalnok vett r\u00e9szt a Veszpr\u00e9mi Rend\u0151rkapit\u00e1nys\u00e1g megel\u0151z\u00e9si munkat\u00e1rs\u00e1nak b\u0171nmegel\u0151z\u00e9si el\u0151ad\u00e1s\u00e1n okt\u00f3ber 8-\u00e1n, ahol gyakorlati tan\u00e1csokat kaptak az internetes csal\u00e1sok elker\u00fcl\u00e9s\u00e9hez. A v\u00e1rosh\u00e1za Kossuth term\u00e9ben tartott el\u0151ad\u00e1son a &hellip; <a href=\"http:\/\/biztonsagosveszprem.hu\/?p=24503\">Egy kattint\u00e1s ide a folytat\u00e1shoz&#8230;. <span class=\"meta-nav\">&rarr;<\/span><\/a><\/p>\n","protected":false},"author":1,"featured_media":0,"comment_status":"closed","ping_status":"open","sticky":false,"template":"","format":"standard","meta":[],"categories":[4,3],"tags":[],"_links":{"self":[{"href":"http:\/\/biztonsagosveszprem.hu\/index.php?rest_route=\/wp\/v2\/posts\/24503"}],"collection":[{"href":"http:\/\/biztonsagosveszprem.hu\/index.php?rest_route=\/wp\/v2\/posts"}],"about":[{"href":"http:\/\/biztonsagosveszprem.hu\/index.php?rest_route=\/wp\/v2\/types\/post"}],"author":[{"embeddable":true,"href":"http:\/\/biztonsagosveszprem.hu\/index.php?rest_route=\/wp\/v2\/users\/1"}],"replies":[{"embeddable":true,"href":"http:\/\/biztonsagosveszprem.hu\/index.php?rest_route=%2Fwp%2Fv2%2Fcomments&post=24503"}],"version-history":[{"count":1,"href":"http:\/\/biztonsagosveszprem.hu\/index.php?rest_route=\/wp\/v2\/posts\/24503\/revisions"}],"predecessor-version":[{"id":24505,"href":"http:\/\/biztonsagosveszprem.hu\/index.php?rest_route=\/wp\/v2\/posts\/24503\/revisions\/24505"}],"wp:attachment":[{"href":"http:\/\/biztonsagosveszprem.hu\/index.php?rest_route=%2Fwp%2Fv2%2Fmedia&parent=24503"}],"wp:term":[{"taxonomy":"category","embeddable":true,"href":"http:\/\/biztonsagosveszprem.hu\/index.php?rest_route=%2Fwp%2Fv2%2Fcategories&post=24503"},{"taxonomy":"post_tag","embeddable":true,"href":"http:\/\/biztonsagosveszprem.hu\/index.php?rest_route=%2Fwp%2Fv2%2Ftags&post=24503"}],"curies":[{"name":"wp","href":"https:\/\/api.w.org\/{rel}","templated":true}]}}