{"id":24499,"date":"2025-10-09T12:56:45","date_gmt":"2025-10-09T11:56:45","guid":{"rendered":"http:\/\/biztonsagosveszprem.hu\/?p=24499"},"modified":"2025-10-09T12:56:45","modified_gmt":"2025-10-09T11:56:45","slug":"fokuszban-az-allatvedelem-veszpremben-is","status":"publish","type":"post","link":"http:\/\/biztonsagosveszprem.hu\/?p=24499","title":{"rendered":"F\u00f3kuszban az \u00e1llatv\u00e9delem Veszpr\u00e9mben is"},"content":{"rendered":"<div class=\"lead-text\">\n<p><strong>A gyerekek tanuls\u00e1gos eseteken kereszt\u00fcl kaptak hasznos inform\u00e1ci\u00f3kat a rend\u0151r\u00f6kt\u0151l.<\/strong><\/p>\n<\/div>\n<p><a href=\"http:\/\/biztonsagosveszprem.hu\/wp-content\/uploads\/2025\/10\/allat55.jpg\"><img loading=\"lazy\" class=\"aligncenter size-full wp-image-24500\" src=\"http:\/\/biztonsagosveszprem.hu\/wp-content\/uploads\/2025\/10\/allat55.jpg\" alt=\"\" width=\"751\" height=\"500\" srcset=\"http:\/\/biztonsagosveszprem.hu\/wp-content\/uploads\/2025\/10\/allat55.jpg 751w, http:\/\/biztonsagosveszprem.hu\/wp-content\/uploads\/2025\/10\/allat55-300x200.jpg 300w\" sizes=\"(max-width: 751px) 100vw, 751px\" \/><\/a><\/p>\n<p>A felel\u0151s \u00e1llattart\u00e1s volt a t\u00e9m\u00e1ja annak a programnak, amelyet okt\u00f3ber 8-\u00e1n tartottak meg a Pumi Veszpr\u00e9mi \u00c1llatv\u00e9delmi Kompetencia K\u00f6zpont \u00e9s a rend\u0151rs\u00e9g munkat\u00e1rsai. A k\u00f6zpont bemutat\u00e1sa \u00e9s a kutyatart\u00e1s\u00e1r\u00f3l sz\u00f3l\u00f3 el\u0151ad\u00e1s ut\u00e1n a rend\u0151r\u00f6k besz\u00e9ltek a gyerekeknek az egyenruh\u00e1sok feladatair\u00f3l az \u00e1llatv\u00e9delemben. A De\u00e1k Ferenc \u00c1ltal\u00e1nos Iskola els\u0151 oszt\u00e1lyos, \u00e1llatv\u00e9delmi szakos tanul\u00f3i az \u00e9v sor\u00e1n t\u00f6bbsz\u00f6r ell\u00e1togatnak a k\u00f6zpontba. A gyerekek besz\u00e1llhattak a rend\u0151raut\u00f3ba \u00e9s megn\u00e9zhett\u00e9k a k\u00f6zpontot, megismerkedve n\u00e9h\u00e1ny mentett kuty\u00e1val \u00e9s macsk\u00e1val.<\/p>\n<p>Az \u00e1llatok vil\u00e1gnapja alkalm\u00e1b\u00f3l orsz\u00e1gos tematikus programsorozatot tart a rend\u0151rs\u00e9g szeptember 29. \u00e9s okt\u00f3ber 12. k\u00f6z\u00f6tt, amelyhez a Veszpr\u00e9m V\u00e1rmegyei Rend\u0151r-f\u0151kapit\u00e1nys\u00e1g is csatlakozott. V\u00e1rmegyeszerte kitelep\u00fcl\u00e9seken, oktat\u00e1si int\u00e9zm\u00e9nyekben, koll\u00e9giumokban, valamint nyugd\u00edjas klubokban ir\u00e1ny\u00edtj\u00e1k r\u00e1 a figyelmet programjaik sor\u00e1n az \u00e1llatok tart\u00e1s\u00e1val j\u00e1r\u00f3 felel\u0151ss\u00e9gre.<\/p>\n<p><a href=\"http:\/\/biztonsagosveszprem.hu\/wp-content\/uploads\/2025\/10\/allat56.jpg\"><img loading=\"lazy\" class=\"aligncenter size-full wp-image-24501\" src=\"http:\/\/biztonsagosveszprem.hu\/wp-content\/uploads\/2025\/10\/allat56.jpg\" alt=\"\" width=\"667\" height=\"500\" srcset=\"http:\/\/biztonsagosveszprem.hu\/wp-content\/uploads\/2025\/10\/allat56.jpg 667w, http:\/\/biztonsagosveszprem.hu\/wp-content\/uploads\/2025\/10\/allat56-300x225.jpg 300w\" sizes=\"(max-width: 667px) 100vw, 667px\" \/><\/a><\/p>\n<figure>\n<div><\/div>\n<\/figure>\n","protected":false},"excerpt":{"rendered":"<p>A gyerekek tanuls\u00e1gos eseteken kereszt\u00fcl kaptak hasznos inform\u00e1ci\u00f3kat a rend\u0151r\u00f6kt\u0151l. A felel\u0151s \u00e1llattart\u00e1s volt a t\u00e9m\u00e1ja annak a programnak, amelyet okt\u00f3ber 8-\u00e1n tartottak meg a Pumi Veszpr\u00e9mi \u00c1llatv\u00e9delmi Kompetencia K\u00f6zpont \u00e9s a rend\u0151rs\u00e9g munkat\u00e1rsai. A k\u00f6zpont bemutat\u00e1sa \u00e9s a kutyatart\u00e1s\u00e1r\u00f3l &hellip; <a href=\"http:\/\/biztonsagosveszprem.hu\/?p=24499\">Egy kattint\u00e1s ide a folytat\u00e1shoz&#8230;. <span class=\"meta-nav\">&rarr;<\/span><\/a><\/p>\n","protected":false},"author":1,"featured_media":0,"comment_status":"closed","ping_status":"open","sticky":false,"template":"","format":"standard","meta":[],"categories":[4,3],"tags":[],"_links":{"self":[{"href":"http:\/\/biztonsagosveszprem.hu\/index.php?rest_route=\/wp\/v2\/posts\/24499"}],"collection":[{"href":"http:\/\/biztonsagosveszprem.hu\/index.php?rest_route=\/wp\/v2\/posts"}],"about":[{"href":"http:\/\/biztonsagosveszprem.hu\/index.php?rest_route=\/wp\/v2\/types\/post"}],"author":[{"embeddable":true,"href":"http:\/\/biztonsagosveszprem.hu\/index.php?rest_route=\/wp\/v2\/users\/1"}],"replies":[{"embeddable":true,"href":"http:\/\/biztonsagosveszprem.hu\/index.php?rest_route=%2Fwp%2Fv2%2Fcomments&post=24499"}],"version-history":[{"count":1,"href":"http:\/\/biztonsagosveszprem.hu\/index.php?rest_route=\/wp\/v2\/posts\/24499\/revisions"}],"predecessor-version":[{"id":24502,"href":"http:\/\/biztonsagosveszprem.hu\/index.php?rest_route=\/wp\/v2\/posts\/24499\/revisions\/24502"}],"wp:attachment":[{"href":"http:\/\/biztonsagosveszprem.hu\/index.php?rest_route=%2Fwp%2Fv2%2Fmedia&parent=24499"}],"wp:term":[{"taxonomy":"category","embeddable":true,"href":"http:\/\/biztonsagosveszprem.hu\/index.php?rest_route=%2Fwp%2Fv2%2Fcategories&post=24499"},{"taxonomy":"post_tag","embeddable":true,"href":"http:\/\/biztonsagosveszprem.hu\/index.php?rest_route=%2Fwp%2Fv2%2Ftags&post=24499"}],"curies":[{"name":"wp","href":"https:\/\/api.w.org\/{rel}","templated":true}]}}