{"id":24496,"date":"2025-10-09T12:54:37","date_gmt":"2025-10-09T11:54:37","guid":{"rendered":"http:\/\/biztonsagosveszprem.hu\/?p=24496"},"modified":"2025-10-09T12:54:37","modified_gmt":"2025-10-09T11:54:37","slug":"a-sport-erejevel-a-fuggoseg-ellen","status":"publish","type":"post","link":"http:\/\/biztonsagosveszprem.hu\/?p=24496","title":{"rendered":"A sport erej\u00e9vel a f\u00fcgg\u0151s\u00e9g ellen"},"content":{"rendered":"<p><strong>Prevenci\u00f3s \u00f3r\u00e1k a szerhaszn\u00e1latr\u00f3l Gyulafir\u00e1t\u00f3ton.<\/strong><\/p>\n<p><a href=\"http:\/\/biztonsagosveszprem.hu\/wp-content\/uploads\/2025\/10\/Gyratot_0.jpg\"><img loading=\"lazy\" class=\"aligncenter size-full wp-image-24497\" src=\"http:\/\/biztonsagosveszprem.hu\/wp-content\/uploads\/2025\/10\/Gyratot_0.jpg\" alt=\"\" width=\"751\" height=\"500\" srcset=\"http:\/\/biztonsagosveszprem.hu\/wp-content\/uploads\/2025\/10\/Gyratot_0.jpg 751w, http:\/\/biztonsagosveszprem.hu\/wp-content\/uploads\/2025\/10\/Gyratot_0-300x200.jpg 300w\" sizes=\"(max-width: 751px) 100vw, 751px\" \/><\/a><\/p>\n<p>A Veszpr\u00e9mi Rend\u0151rkapit\u00e1nys\u00e1g b\u0171nmegel\u0151z\u00e9si el\u0151ad\u00f3ja folytatta prevenci\u00f3s munk\u00e1j\u00e1t, ez\u00fattal a gyulafir\u00e1t\u00f3ti Gyulaffy L\u00e1szl\u00f3 \u00c1ltal\u00e1nos Iskola 7-8. \u00e9vfolyamos di\u00e1kjait c\u00e9lozva. Kiemelt fontoss\u00e1g\u00fa, hogy a prevenci\u00f3 m\u00e1r a gyermekkorban elkezd\u0151dj\u00f6n, hiszen a fiatalok ebben az \u00e9letkorban szembes\u00fclnek el\u0151sz\u00f6r a szerhaszn\u00e1lat kih\u00edv\u00e1saival. Az okt\u00f3ber 7-\u00e9n megtartott interakt\u00edv foglalkoz\u00e1s kieg\u00e9sz\u00fclt a sport \u00fczenet\u00e9vel. Az el\u0151ad\u00e1s c\u00e9lja, hogy a gyerekek m\u00e1r kor\u00e1n k\u00e9pesek legyenek tudatos d\u00f6nt\u00e9seket hozni. A szabadid\u0151nek a mozg\u00e1ssal elt\u00f6lt\u00f6tt minden perce hasznosabb, mint b\u00e1rmely szerhaszn\u00e1lattal kapcsolatba hozhat\u00f3 c\u00e9ltalan, eg\u00e9szs\u00e9grombol\u00f3 tev\u00e9kenys\u00e9g.<\/p>\n","protected":false},"excerpt":{"rendered":"<p>Prevenci\u00f3s \u00f3r\u00e1k a szerhaszn\u00e1latr\u00f3l Gyulafir\u00e1t\u00f3ton. A Veszpr\u00e9mi Rend\u0151rkapit\u00e1nys\u00e1g b\u0171nmegel\u0151z\u00e9si el\u0151ad\u00f3ja folytatta prevenci\u00f3s munk\u00e1j\u00e1t, ez\u00fattal a gyulafir\u00e1t\u00f3ti Gyulaffy L\u00e1szl\u00f3 \u00c1ltal\u00e1nos Iskola 7-8. \u00e9vfolyamos di\u00e1kjait c\u00e9lozva. Kiemelt fontoss\u00e1g\u00fa, hogy a prevenci\u00f3 m\u00e1r a gyermekkorban elkezd\u0151dj\u00f6n, hiszen a fiatalok ebben az \u00e9letkorban szembes\u00fclnek &hellip; <a href=\"http:\/\/biztonsagosveszprem.hu\/?p=24496\">Egy kattint\u00e1s ide a folytat\u00e1shoz&#8230;. <span class=\"meta-nav\">&rarr;<\/span><\/a><\/p>\n","protected":false},"author":1,"featured_media":0,"comment_status":"closed","ping_status":"open","sticky":false,"template":"","format":"standard","meta":[],"categories":[4,3],"tags":[],"_links":{"self":[{"href":"http:\/\/biztonsagosveszprem.hu\/index.php?rest_route=\/wp\/v2\/posts\/24496"}],"collection":[{"href":"http:\/\/biztonsagosveszprem.hu\/index.php?rest_route=\/wp\/v2\/posts"}],"about":[{"href":"http:\/\/biztonsagosveszprem.hu\/index.php?rest_route=\/wp\/v2\/types\/post"}],"author":[{"embeddable":true,"href":"http:\/\/biztonsagosveszprem.hu\/index.php?rest_route=\/wp\/v2\/users\/1"}],"replies":[{"embeddable":true,"href":"http:\/\/biztonsagosveszprem.hu\/index.php?rest_route=%2Fwp%2Fv2%2Fcomments&post=24496"}],"version-history":[{"count":1,"href":"http:\/\/biztonsagosveszprem.hu\/index.php?rest_route=\/wp\/v2\/posts\/24496\/revisions"}],"predecessor-version":[{"id":24498,"href":"http:\/\/biztonsagosveszprem.hu\/index.php?rest_route=\/wp\/v2\/posts\/24496\/revisions\/24498"}],"wp:attachment":[{"href":"http:\/\/biztonsagosveszprem.hu\/index.php?rest_route=%2Fwp%2Fv2%2Fmedia&parent=24496"}],"wp:term":[{"taxonomy":"category","embeddable":true,"href":"http:\/\/biztonsagosveszprem.hu\/index.php?rest_route=%2Fwp%2Fv2%2Fcategories&post=24496"},{"taxonomy":"post_tag","embeddable":true,"href":"http:\/\/biztonsagosveszprem.hu\/index.php?rest_route=%2Fwp%2Fv2%2Ftags&post=24496"}],"curies":[{"name":"wp","href":"https:\/\/api.w.org\/{rel}","templated":true}]}}