{"id":24472,"date":"2025-09-23T12:49:29","date_gmt":"2025-09-23T11:49:29","guid":{"rendered":"http:\/\/biztonsagosveszprem.hu\/?p=24472"},"modified":"2025-09-23T12:49:29","modified_gmt":"2025-09-23T11:49:29","slug":"veszpremi-kresz-feszt-a-legkisebbek-biztonsagos-kozlekedeseert","status":"publish","type":"post","link":"http:\/\/biztonsagosveszprem.hu\/?p=24472","title":{"rendered":"Veszpr\u00e9mi KRESZ-feszt a legkisebbek biztons\u00e1gos k\u00f6zleked\u00e9s\u00e9\u00e9rt"},"content":{"rendered":"<div class=\"lead-text\">\n<p><strong>Baleset-megel\u0151z\u00e9si el\u0151ad\u00e1st hallgathattak meg a gyerekek.<\/strong><\/p>\n<\/div>\n<div><a href=\"http:\/\/biztonsagosveszprem.hu\/wp-content\/uploads\/2025\/09\/kreszfeszt3.jpg\"><img loading=\"lazy\" class=\"aligncenter size-full wp-image-24473\" src=\"http:\/\/biztonsagosveszprem.hu\/wp-content\/uploads\/2025\/09\/kreszfeszt3.jpg\" alt=\"\" width=\"751\" height=\"500\" srcset=\"http:\/\/biztonsagosveszprem.hu\/wp-content\/uploads\/2025\/09\/kreszfeszt3.jpg 751w, http:\/\/biztonsagosveszprem.hu\/wp-content\/uploads\/2025\/09\/kreszfeszt3-300x200.jpg 300w\" sizes=\"(max-width: 751px) 100vw, 751px\" \/><\/a><\/div>\n<div>\n<p>A kor\u00e1bbi \u00e9vek rendezv\u00e9nyeihez hasonl\u00f3an id\u00e9n is t\u00f6bb programmal vesz r\u00e9szt a Veszpr\u00e9mi Rend\u0151rkapit\u00e1nys\u00e1g a Biztons\u00e1g hete k\u00f6zleked\u00e9s-biztons\u00e1gi kamp\u00e1nyban 2025. szeptember 15-21. k\u00f6z\u00f6tt. A Biztons\u00e1g Het\u00e9t m\u00e1r kilencedik \u00e9ve szervezi meg az Orsz\u00e1gos Rend\u0151r-f\u0151kapit\u00e1nys\u00e1g Orsz\u00e1gos Balesetmegel\u0151z\u00e9si Bizotts\u00e1ga (ORFK-OBB) \u00e9s a Magyar Biztos\u00edt\u00f3k Sz\u00f6vets\u00e9ge (Mabisz) annak \u00e9rdek\u00e9ben, hogy felh\u00edvj\u00e1k az emberek figyelm\u00e9t a balesetek megel\u0151z\u00e9s\u00e9re. Ebben az \u00e9vben is kiemelt figyelmet szentelnek a gyalogosokra, a ker\u00e9kp\u00e1rosokra, a mikromobilit\u00e1si eszk\u00f6z\u00f6kkel k\u00f6zleked\u0151kre, a seg\u00e9dmotoros ker\u00e9kp\u00e1rosokra \u00e9s a motorosokra. \u00c1ltal\u00e1nos tapasztalat, hogy a k\u00f6z\u00fati k\u00f6zleked\u00e9sben k\u00fcl\u00f6n\u00f6sen \u0151k szenvednek s\u00falyos s\u00e9r\u00fcl\u00e9seket.<\/p>\n<p>A programsorozatba illeszked\u0151 KRESZ-feszt rendezv\u00e9nyen 2025. szeptember 17-\u00e9n a Kossuth utc\u00e1n h\u00e1rom \u00e1llom\u00e1ssal v\u00e1rt\u00e1k a rendezv\u00e9nyre l\u00e1togat\u00f3 \u00f3vod\u00e1sokat \u00e9s kisiskol\u00e1sokat a veszpr\u00e9mi rend\u0151r\u00f6k. Pint\u00e9r J\u00f3zsef r. f\u0151t\u00f6rzsz\u00e1szl\u00f3s \u00e1tbesz\u00e9lte a gyerekekkel a biztons\u00e1gos gyalogos \u00e9s ker\u00e9kp\u00e1ros k\u00f6zleked\u00e9se alapjait, majd az akad\u00e1lyp\u00e1ly\u00e1n ker\u00e9kp\u00e1ros tud\u00e1sukat tesztelhett\u00e9k a gyerekek. A \u201ej\u00e1rm\u0171parkban\u201d szerepelt a hagyom\u00e1nyos ker\u00e9kp\u00e1rok mellett a fut\u00f3bicikli \u00e9s a p\u00f3tkerekes bringa is. Nagy sikere volt most is a rend\u0151raut\u00f3nak, a program ut\u00e1n szinte minden kisgyerek elmonda, hogy rend\u0151r szeretne lenni.<\/p>\n\t\t<div id=\"album_gallery_24475\"\n\t\t\tclass=\"awp_center\">\n\t\t\t\t\t\t\t<div class=\" col-md-4 col-lg-4 col-sm-4 col-xs-6 \n\t\t\t\t\t\t\">\n\t\t\t\t\t\n\t\t\t\t\t\t<!-- Stacks Hover Effect -->\n\t\t\t\t\t\t<a href=\"http:\/\/biztonsagosveszprem.hu\/wp-content\/uploads\/2025\/09\/001.jpg\t\t\t\t\t\" \t\t\t\t\t\t\tclass=\"swipebox-24475\" title=\"\">\n\t\t\t\t\t\t\t<div class=\"group\">\n\t\t\t\t\t\t\t\t<div class=\"stack twisted animated wobble\">\n\t\t\t\t\t\t\t\t\t<img src=\"http:\/\/biztonsagosveszprem.hu\/wp-content\/uploads\/2025\/09\/001-300x200.jpg\" alt=\"\">\n\t\t\t\t\t\t\t\t<\/div>\n\t\t\t\t\t\t\t<\/div>\n\t\t\t\t\t\t<\/a>\n\t\t\t\t\t\t\t\t\t<\/div>\n\t\t\t\t\t\t\t<div class=\" col-md-4 col-lg-4 col-sm-4 col-xs-6 \n\t\t\thidden\t\t\t\">\n\t\t\t\t\t\n\t\t\t\t\t\t<!-- Stacks Hover Effect -->\n\t\t\t\t\t\t<a href=\"http:\/\/biztonsagosveszprem.hu\/wp-content\/uploads\/2025\/09\/002.jpg\t\t\t\t\t\" \t\t\t\t\t\t\tclass=\"swipebox-24475\" title=\"\">\n\t\t\t\t\t\t\t<div class=\"group\">\n\t\t\t\t\t\t\t\t<div class=\"stack twisted animated wobble\">\n\t\t\t\t\t\t\t\t\t<img src=\"http:\/\/biztonsagosveszprem.hu\/wp-content\/uploads\/2025\/09\/002-300x200.jpg\" alt=\"\">\n\t\t\t\t\t\t\t\t<\/div>\n\t\t\t\t\t\t\t<\/div>\n\t\t\t\t\t\t<\/a>\n\t\t\t\t\t\t\t\t\t<\/div>\n\t\t\t\t\t\t\t<div class=\" col-md-4 col-lg-4 col-sm-4 col-xs-6 \n\t\t\thidden\t\t\t\">\n\t\t\t\t\t\n\t\t\t\t\t\t<!-- Stacks Hover Effect -->\n\t\t\t\t\t\t<a href=\"http:\/\/biztonsagosveszprem.hu\/wp-content\/uploads\/2025\/09\/003.jpg\t\t\t\t\t\" \t\t\t\t\t\t\tclass=\"swipebox-24475\" title=\"\">\n\t\t\t\t\t\t\t<div class=\"group\">\n\t\t\t\t\t\t\t\t<div class=\"stack twisted animated wobble\">\n\t\t\t\t\t\t\t\t\t<img src=\"http:\/\/biztonsagosveszprem.hu\/wp-content\/uploads\/2025\/09\/003-300x200.jpg\" alt=\"\">\n\t\t\t\t\t\t\t\t<\/div>\n\t\t\t\t\t\t\t<\/div>\n\t\t\t\t\t\t<\/a>\n\t\t\t\t\t\t\t\t\t<\/div>\n\t\t\t\t\t\t\t<div class=\" col-md-4 col-lg-4 col-sm-4 col-xs-6 \n\t\t\thidden\t\t\t\">\n\t\t\t\t\t\n\t\t\t\t\t\t<!-- Stacks Hover Effect -->\n\t\t\t\t\t\t<a href=\"http:\/\/biztonsagosveszprem.hu\/wp-content\/uploads\/2025\/09\/004.jpg\t\t\t\t\t\" \t\t\t\t\t\t\tclass=\"swipebox-24475\" title=\"\">\n\t\t\t\t\t\t\t<div class=\"group\">\n\t\t\t\t\t\t\t\t<div class=\"stack twisted animated wobble\">\n\t\t\t\t\t\t\t\t\t<img src=\"http:\/\/biztonsagosveszprem.hu\/wp-content\/uploads\/2025\/09\/004-300x200.jpg\" alt=\"\">\n\t\t\t\t\t\t\t\t<\/div>\n\t\t\t\t\t\t\t<\/div>\n\t\t\t\t\t\t<\/a>\n\t\t\t\t\t\t\t\t\t<\/div>\n\t\t\t\t\t\t\t<div class=\" col-md-4 col-lg-4 col-sm-4 col-xs-6 \n\t\t\thidden\t\t\t\">\n\t\t\t\t\t\n\t\t\t\t\t\t<!-- Stacks Hover Effect -->\n\t\t\t\t\t\t<a href=\"http:\/\/biztonsagosveszprem.hu\/wp-content\/uploads\/2025\/09\/005.jpg\t\t\t\t\t\" \t\t\t\t\t\t\tclass=\"swipebox-24475\" title=\"\">\n\t\t\t\t\t\t\t<div class=\"group\">\n\t\t\t\t\t\t\t\t<div class=\"stack twisted animated wobble\">\n\t\t\t\t\t\t\t\t\t<img src=\"http:\/\/biztonsagosveszprem.hu\/wp-content\/uploads\/2025\/09\/005-300x200.jpg\" alt=\"\">\n\t\t\t\t\t\t\t\t<\/div>\n\t\t\t\t\t\t\t<\/div>\n\t\t\t\t\t\t<\/a>\n\t\t\t\t\t\t\t\t\t<\/div>\n\t\t\t\t\t<\/div>\n<style>\n\t.awp_center {\n\t\ttext-align: center !important;\n\t}\n\n\t.fifth-effect .mask {\n\t\tborder: 100px solid rgba(0, 0, 0, 0.7);\n\t}\n\n\t.col-lg-12 .stack {\n\t\tmargin: 3% 36%;\n\t}\n\n\t.col-lg-12 .view {\n\t\tmargin: 5% 37%;\n\t}\n\n\t.col-lg-6 .stack {\n\t\tmargin: 6% 22%;\n\t}\n\n\t.col-lg-6 .view {\n\t\tmargin: 5% 22%;\n\t}\n\n\t.col-lg-4 .stack {\n\t\tmargin: 10% 7%;\n\t}\n\n\t.col-lg-4 .view {\n\t\tmargin: 5% 6%;\n\t}\n\n\t.col-lg-3 .stack {\n\t\tmargin: 15% 3%;\n\t}\n\n\t.col-lg-3 .view {\n\t\tmargin: 5% 1%;\n\t}\n\n\n\t.fifth-effect .mask {\n\t\tborder: 100px solid rgba(0, 0, 0, 0.7);\n\t}\n\n\t.fifth-effect .mask {\n\t\tborder: 100px solid rgba(0, 0, 0, 0.7);\n\t}\n\n\t.view {\n\t\tmargin: 0 0 5% 0%;\n\t\tmargin: 5% 0%;\n\t\t\t}\n\n\t.mask {\n\t\tcursor: pointer;\n\t}\n<\/style>\n<script type=\"application\/javascript\">\n\tjQuery(document).ready(function() {\n\t\t\/\/ PhotoBox\n\t\tjQuery('#album_gallery_24475').photobox('a');\n\t\t\/\/ or with a fancier selector and some settings, and a callback:\n\t\tjQuery('#album_gallery_24475').photobox('a:first', {\n\t\t\tthumbs: false,\n\t\t\ttime: 0\n\t\t}, imageLoaded);\n\n\t\tfunction imageLoaded() {\n\t\t\tconsole.log('image has been loaded...');\n\t\t}\n\n\n\t\t\/\/Isotope function for masonary\n\t\tvar $grid = jQuery('.album_gallery_main').isotope({\n\t\t\t\/\/ options...\n\t\t\titemSelector: '.album_gallery_single',\n\t\t});\n\t\t\/\/ layout Isotope after each image loads\n\t\t$grid.imagesLoaded().progress(function() {\n\t\t\t$grid.isotope('layout');\n\t\t});\n\t});\n<\/script>\n<p>&nbsp;<\/p>\n<\/div>\n","protected":false},"excerpt":{"rendered":"<p>Baleset-megel\u0151z\u00e9si el\u0151ad\u00e1st hallgathattak meg a gyerekek. A kor\u00e1bbi \u00e9vek rendezv\u00e9nyeihez hasonl\u00f3an id\u00e9n is t\u00f6bb programmal vesz r\u00e9szt a Veszpr\u00e9mi Rend\u0151rkapit\u00e1nys\u00e1g a Biztons\u00e1g hete k\u00f6zleked\u00e9s-biztons\u00e1gi kamp\u00e1nyban 2025. szeptember 15-21. k\u00f6z\u00f6tt. A Biztons\u00e1g Het\u00e9t m\u00e1r kilencedik \u00e9ve szervezi meg az Orsz\u00e1gos Rend\u0151r-f\u0151kapit\u00e1nys\u00e1g &hellip; <a href=\"http:\/\/biztonsagosveszprem.hu\/?album_gallery=veszpremi-kresz-feszt\">Egy kattint\u00e1s ide a folytat\u00e1shoz&#8230;. <span class=\"meta-nav\">&rarr;<\/span><\/a><\/p>\n","protected":false},"author":1,"featured_media":0,"comment_status":"closed","ping_status":"open","sticky":false,"template":"","format":"standard","meta":[],"categories":[4,3],"tags":[],"_links":{"self":[{"href":"http:\/\/biztonsagosveszprem.hu\/index.php?rest_route=\/wp\/v2\/posts\/24472"}],"collection":[{"href":"http:\/\/biztonsagosveszprem.hu\/index.php?rest_route=\/wp\/v2\/posts"}],"about":[{"href":"http:\/\/biztonsagosveszprem.hu\/index.php?rest_route=\/wp\/v2\/types\/post"}],"author":[{"embeddable":true,"href":"http:\/\/biztonsagosveszprem.hu\/index.php?rest_route=\/wp\/v2\/users\/1"}],"replies":[{"embeddable":true,"href":"http:\/\/biztonsagosveszprem.hu\/index.php?rest_route=%2Fwp%2Fv2%2Fcomments&post=24472"}],"version-history":[{"count":2,"href":"http:\/\/biztonsagosveszprem.hu\/index.php?rest_route=\/wp\/v2\/posts\/24472\/revisions"}],"predecessor-version":[{"id":24481,"href":"http:\/\/biztonsagosveszprem.hu\/index.php?rest_route=\/wp\/v2\/posts\/24472\/revisions\/24481"}],"wp:attachment":[{"href":"http:\/\/biztonsagosveszprem.hu\/index.php?rest_route=%2Fwp%2Fv2%2Fmedia&parent=24472"}],"wp:term":[{"taxonomy":"category","embeddable":true,"href":"http:\/\/biztonsagosveszprem.hu\/index.php?rest_route=%2Fwp%2Fv2%2Fcategories&post=24472"},{"taxonomy":"post_tag","embeddable":true,"href":"http:\/\/biztonsagosveszprem.hu\/index.php?rest_route=%2Fwp%2Fv2%2Ftags&post=24472"}],"curies":[{"name":"wp","href":"https:\/\/api.w.org\/{rel}","templated":true}]}}