{"id":24469,"date":"2025-09-23T12:40:50","date_gmt":"2025-09-23T11:40:50","guid":{"rendered":"http:\/\/biztonsagosveszprem.hu\/?p=24469"},"modified":"2025-09-23T12:40:50","modified_gmt":"2025-09-23T11:40:50","slug":"a-fiatalok-napja-veszpremben","status":"publish","type":"post","link":"http:\/\/biztonsagosveszprem.hu\/?p=24469","title":{"rendered":"A fiatalok napja Veszpr\u00e9mben"},"content":{"rendered":"<p><strong>A rend\u0151r\u00f6k az online csal\u00e1sok megel\u0151z\u00e9seire h\u00edvt\u00e1k fel a figyelmet.<\/strong><\/p>\n<p><a href=\"http:\/\/biztonsagosveszprem.hu\/wp-content\/uploads\/2025\/09\/fiatalok-napja.jpg\"><img loading=\"lazy\" class=\"aligncenter size-full wp-image-24470\" src=\"http:\/\/biztonsagosveszprem.hu\/wp-content\/uploads\/2025\/09\/fiatalok-napja.jpg\" alt=\"\" width=\"751\" height=\"500\" srcset=\"http:\/\/biztonsagosveszprem.hu\/wp-content\/uploads\/2025\/09\/fiatalok-napja.jpg 751w, http:\/\/biztonsagosveszprem.hu\/wp-content\/uploads\/2025\/09\/fiatalok-napja-300x200.jpg 300w\" sizes=\"(max-width: 751px) 100vw, 751px\" \/><\/a><\/p>\n<p>A Veszpr\u00e9mi Rend\u0151rkapit\u00e1nys\u00e1g munkat\u00e1rsai is megjelentek szeptember 19-\u00e9n d\u00e9lut\u00e1n a fiatalok napja alkalm\u00e1b\u00f3l tartott rendezv\u00e9nyen.<\/p>\n<p>A programon a rend\u0151ri p\u00e1lya ir\u00e1nt \u00e9rdekl\u0151d\u0151 fiatalokat t\u00e1j\u00e9koztatt\u00e1k a jelentkez\u00e9s felt\u00e9teleir\u0151l. Ezenk\u00edv\u00fcl a koroszt\u00e1lyoknak megfelel\u0151en a k\u00f6z\u00f6ss\u00e9gi m\u00e9dia \u00e9s a biztons\u00e1gos internet haszn\u00e1lat\u00e1nak szab\u00e1lyair\u00f3l, illetve az online csal\u00e1sokr\u00f3l kaptak hasznos ismereteket a fiatalok. A drogprevenci\u00f3 kapcs\u00e1n is mutatkozott \u00e9rdekl\u0151d\u00e9s, ennek vonatkoz\u00e1s\u00e1ban az \u00e9rdekl\u0151d\u0151k tot\u00f3t t\u00f6lthettek ki.<\/p>\n<p>A rendezv\u00e9nyre kil\u00e1togat\u00f3 di\u00e1kok tov\u00e1bb\u00e1 megismerkedhettek a csapatszolg\u00e1lati felszerel\u00e9sekkel, illetve lehet\u0151s\u00e9g\u00fck ny\u00edlt l\u00e9zerfegyverrel c\u00e9lba l\u0151ni\u00fck.<\/p>\n","protected":false},"excerpt":{"rendered":"<p>A rend\u0151r\u00f6k az online csal\u00e1sok megel\u0151z\u00e9seire h\u00edvt\u00e1k fel a figyelmet. A Veszpr\u00e9mi Rend\u0151rkapit\u00e1nys\u00e1g munkat\u00e1rsai is megjelentek szeptember 19-\u00e9n d\u00e9lut\u00e1n a fiatalok napja alkalm\u00e1b\u00f3l tartott rendezv\u00e9nyen. A programon a rend\u0151ri p\u00e1lya ir\u00e1nt \u00e9rdekl\u0151d\u0151 fiatalokat t\u00e1j\u00e9koztatt\u00e1k a jelentkez\u00e9s felt\u00e9teleir\u0151l. Ezenk\u00edv\u00fcl a koroszt\u00e1lyoknak &hellip; <a href=\"http:\/\/biztonsagosveszprem.hu\/?p=24469\">Egy kattint\u00e1s ide a folytat\u00e1shoz&#8230;. <span class=\"meta-nav\">&rarr;<\/span><\/a><\/p>\n","protected":false},"author":1,"featured_media":0,"comment_status":"closed","ping_status":"open","sticky":false,"template":"","format":"standard","meta":[],"categories":[4,3],"tags":[],"_links":{"self":[{"href":"http:\/\/biztonsagosveszprem.hu\/index.php?rest_route=\/wp\/v2\/posts\/24469"}],"collection":[{"href":"http:\/\/biztonsagosveszprem.hu\/index.php?rest_route=\/wp\/v2\/posts"}],"about":[{"href":"http:\/\/biztonsagosveszprem.hu\/index.php?rest_route=\/wp\/v2\/types\/post"}],"author":[{"embeddable":true,"href":"http:\/\/biztonsagosveszprem.hu\/index.php?rest_route=\/wp\/v2\/users\/1"}],"replies":[{"embeddable":true,"href":"http:\/\/biztonsagosveszprem.hu\/index.php?rest_route=%2Fwp%2Fv2%2Fcomments&post=24469"}],"version-history":[{"count":1,"href":"http:\/\/biztonsagosveszprem.hu\/index.php?rest_route=\/wp\/v2\/posts\/24469\/revisions"}],"predecessor-version":[{"id":24471,"href":"http:\/\/biztonsagosveszprem.hu\/index.php?rest_route=\/wp\/v2\/posts\/24469\/revisions\/24471"}],"wp:attachment":[{"href":"http:\/\/biztonsagosveszprem.hu\/index.php?rest_route=%2Fwp%2Fv2%2Fmedia&parent=24469"}],"wp:term":[{"taxonomy":"category","embeddable":true,"href":"http:\/\/biztonsagosveszprem.hu\/index.php?rest_route=%2Fwp%2Fv2%2Fcategories&post=24469"},{"taxonomy":"post_tag","embeddable":true,"href":"http:\/\/biztonsagosveszprem.hu\/index.php?rest_route=%2Fwp%2Fv2%2Ftags&post=24469"}],"curies":[{"name":"wp","href":"https:\/\/api.w.org\/{rel}","templated":true}]}}