{"id":24466,"date":"2025-09-23T12:37:21","date_gmt":"2025-09-23T11:37:21","guid":{"rendered":"http:\/\/biztonsagosveszprem.hu\/?p=24466"},"modified":"2025-09-23T12:37:21","modified_gmt":"2025-09-23T11:37:21","slug":"kirangatta-elettarsat-a-munkahelyerol","status":"publish","type":"post","link":"http:\/\/biztonsagosveszprem.hu\/?p=24466","title":{"rendered":"Kir\u00e1ngatta \u00e9lett\u00e1rs\u00e1t a munkahely\u00e9r\u0151l"},"content":{"rendered":"<p><strong>T\u00f6bbsz\u00f6r is b\u00e1ntalmazta p\u00e1rj\u00e1t egy 25 \u00e9ves Veszpr\u00e9m k\u00f6rny\u00e9ki f\u00e9rfi.<\/strong><\/p>\n<p><a href=\"http:\/\/biztonsagosveszprem.hu\/wp-content\/uploads\/2025\/09\/kapcs-eroasuk-vp.jpg\"><img loading=\"lazy\" class=\"aligncenter size-full wp-image-24467\" src=\"http:\/\/biztonsagosveszprem.hu\/wp-content\/uploads\/2025\/09\/kapcs-eroasuk-vp.jpg\" alt=\"\" width=\"751\" height=\"500\" srcset=\"http:\/\/biztonsagosveszprem.hu\/wp-content\/uploads\/2025\/09\/kapcs-eroasuk-vp.jpg 751w, http:\/\/biztonsagosveszprem.hu\/wp-content\/uploads\/2025\/09\/kapcs-eroasuk-vp-300x200.jpg 300w\" sizes=\"(max-width: 751px) 100vw, 751px\" \/><\/a><\/p>\n<p>Szeptember 16-\u00e1n kora d\u00e9lut\u00e1n \u00e9rkezett bejelent\u00e9s a rend\u0151rs\u00e9gre, hogy egy f\u00e9rfi Veszpr\u00e9mben berontott \u00e9lett\u00e1rsa munkahely\u00e9re, kir\u00e1ngatta az \u00e9p\u00fcletb\u0151l, \u00e9s t\u00f6bbsz\u00f6r b\u00e1ntalmazta, ezut\u00e1n sietve t\u00e1vozott.<\/p>\n<p>A j\u00e1r\u0151r\u00f6k p\u00e1r percen bel\u00fcl a belv\u00e1rosban fogt\u00e1k el a 25 \u00e9ves Veszpr\u00e9m k\u00f6rny\u00e9ki f\u00e9rfit, el\u0151\u00e1ll\u00edtott\u00e1k, majd \u0151rizetbe vett\u00e9k. A nyomoz\u00f3k gyan\u00fas\u00edtottk\u00e9nt hallgatt\u00e1k ki, \u00e9s kezdem\u00e9nyezt\u00e9k letart\u00f3ztat\u00e1s\u00e1t. Kider\u00fclt, az elk\u00f6vet\u0151 t\u00f6bbsz\u00f6r b\u00e1ntalmazta p\u00e1rj\u00e1t az elm\u00falt id\u0151szakban.<\/p>\n<p>Kapcsolati er\u0151szak \u00e9s zaklat\u00e1s miatt folyik elj\u00e1r\u00e1s ellene.<\/p>\n","protected":false},"excerpt":{"rendered":"<p>T\u00f6bbsz\u00f6r is b\u00e1ntalmazta p\u00e1rj\u00e1t egy 25 \u00e9ves Veszpr\u00e9m k\u00f6rny\u00e9ki f\u00e9rfi. Szeptember 16-\u00e1n kora d\u00e9lut\u00e1n \u00e9rkezett bejelent\u00e9s a rend\u0151rs\u00e9gre, hogy egy f\u00e9rfi Veszpr\u00e9mben berontott \u00e9lett\u00e1rsa munkahely\u00e9re, kir\u00e1ngatta az \u00e9p\u00fcletb\u0151l, \u00e9s t\u00f6bbsz\u00f6r b\u00e1ntalmazta, ezut\u00e1n sietve t\u00e1vozott. A j\u00e1r\u0151r\u00f6k p\u00e1r percen bel\u00fcl a &hellip; <a href=\"http:\/\/biztonsagosveszprem.hu\/?p=24466\">Egy kattint\u00e1s ide a folytat\u00e1shoz&#8230;. <span class=\"meta-nav\">&rarr;<\/span><\/a><\/p>\n","protected":false},"author":1,"featured_media":0,"comment_status":"closed","ping_status":"open","sticky":false,"template":"","format":"standard","meta":[],"categories":[4,3],"tags":[],"_links":{"self":[{"href":"http:\/\/biztonsagosveszprem.hu\/index.php?rest_route=\/wp\/v2\/posts\/24466"}],"collection":[{"href":"http:\/\/biztonsagosveszprem.hu\/index.php?rest_route=\/wp\/v2\/posts"}],"about":[{"href":"http:\/\/biztonsagosveszprem.hu\/index.php?rest_route=\/wp\/v2\/types\/post"}],"author":[{"embeddable":true,"href":"http:\/\/biztonsagosveszprem.hu\/index.php?rest_route=\/wp\/v2\/users\/1"}],"replies":[{"embeddable":true,"href":"http:\/\/biztonsagosveszprem.hu\/index.php?rest_route=%2Fwp%2Fv2%2Fcomments&post=24466"}],"version-history":[{"count":1,"href":"http:\/\/biztonsagosveszprem.hu\/index.php?rest_route=\/wp\/v2\/posts\/24466\/revisions"}],"predecessor-version":[{"id":24468,"href":"http:\/\/biztonsagosveszprem.hu\/index.php?rest_route=\/wp\/v2\/posts\/24466\/revisions\/24468"}],"wp:attachment":[{"href":"http:\/\/biztonsagosveszprem.hu\/index.php?rest_route=%2Fwp%2Fv2%2Fmedia&parent=24466"}],"wp:term":[{"taxonomy":"category","embeddable":true,"href":"http:\/\/biztonsagosveszprem.hu\/index.php?rest_route=%2Fwp%2Fv2%2Fcategories&post=24466"},{"taxonomy":"post_tag","embeddable":true,"href":"http:\/\/biztonsagosveszprem.hu\/index.php?rest_route=%2Fwp%2Fv2%2Ftags&post=24466"}],"curies":[{"name":"wp","href":"https:\/\/api.w.org\/{rel}","templated":true}]}}