{"id":24462,"date":"2025-09-18T17:56:13","date_gmt":"2025-09-18T16:56:13","guid":{"rendered":"http:\/\/biztonsagosveszprem.hu\/?p=24462"},"modified":"2025-09-18T17:56:13","modified_gmt":"2025-09-18T16:56:13","slug":"ujsagban-hirdet-es-telefonon-hiv-egy-tuzifas-csalo","status":"publish","type":"post","link":"http:\/\/biztonsagosveszprem.hu\/?p=24462","title":{"rendered":"\u00daJS\u00c1GBAN HIRDET \u00c9S TELEFONON H\u00cdV EGY T\u0170ZIF\u00c1S CSAL\u00d3"},"content":{"rendered":"<p><strong>Vigy\u00e1zat, \u00e1tver\u00e9s! Kedvezm\u00e9nyt \u00edg\u00e9rnek nyugd\u00edjasoknak el\u0151re utal\u00e1s eset\u00e9n.<\/strong><\/p>\n<p><a href=\"http:\/\/biztonsagosveszprem.hu\/wp-content\/uploads\/2025\/09\/tuzifa-csalas_1.jpg\"><img loading=\"lazy\" class=\"aligncenter size-full wp-image-24463\" src=\"http:\/\/biztonsagosveszprem.hu\/wp-content\/uploads\/2025\/09\/tuzifa-csalas_1.jpg\" alt=\"\" width=\"751\" height=\"500\" srcset=\"http:\/\/biztonsagosveszprem.hu\/wp-content\/uploads\/2025\/09\/tuzifa-csalas_1.jpg 751w, http:\/\/biztonsagosveszprem.hu\/wp-content\/uploads\/2025\/09\/tuzifa-csalas_1-300x200.jpg 300w\" sizes=\"(max-width: 751px) 100vw, 751px\" \/><\/a><\/p>\n<p>Egy bakonyi kistelep\u00fcl\u00e9sr\u0151l \u00e9rkezett feljelent\u00e9s a napokban a Veszpr\u00e9mi Rend\u0151rkapit\u00e1nys\u00e1gra: egy id\u0151s asszony t\u0171zifa\u00e1rus csal\u00f3k \u00e1ldozat\u00e1ul esett. Ny\u00e1ron az egyik \u00fajs\u00e1gban l\u00e1tott egy hirdet\u00e9st kedvez\u0151 \u00e1r\u00fa t\u0171zif\u00e1r\u00f3l. Az \u00fcgyint\u00e9z\u0151 azt \u00e1ll\u00edtotta, hogy nyugd\u00edjasoknak \u2013 el\u0151re utal\u00e1s eset\u00e9n \u2013 \u00e1rengedm\u00e9nnyel viszik a f\u00e1t. Miut\u00e1n meg\u00e1llapodtak, a s\u00e9rtett elutalta az els\u0151 r\u00e9szletet, de az \u00fcgyint\u00e9z\u0151 h\u00edv\u00e1s\u00e1ra n\u00e9h\u00e1ny nappal k\u00e9s\u0151bb v\u00e9g\u00fcl a teljes v\u00e9tel\u00e1rat elk\u00fcldte. T\u00f6bb mint 200 ezer forinttal k\u00e1ros\u00edtott\u00e1k meg, a csal\u00f3 egy ideig kifog\u00e1sokkal \u00e9lt, mi\u00e9rt nem sz\u00e1ll\u00edtj\u00e1k a f\u00e1t, majd el\u00e9rhetetlenn\u00e9 v\u00e1lt.<\/p>\n<p>K\u00e9rj\u00fck, legyen \u00e1tgondolt t\u0171zifav\u00e1s\u00e1rl\u00e1s sor\u00e1n!<\/p>\n<ul>\n<li>Megb\u00edzhat\u00f3 helyr\u0151l vagy komoly referenci\u00e1j\u00fa c\u00e9gt\u0151l v\u00e1s\u00e1roljon t\u0171zif\u00e1t!<\/li>\n<li>R\u00e9szes\u00edtse el\u0151nyben a telephellyel \u00e9s vezet\u00e9kes telefonnal is rendelkez\u0151 v\u00e1llalkoz\u00e1sokat!<\/li>\n<li>Az \u00e1rut ellen\u0151rizze mind a mennyis\u00e9g, mind pedig a min\u0151s\u00e9g tekintet\u00e9ben, ha sz\u00fcks\u00e9ges, h\u00edvjon olyan szem\u00e9lyt, aki \u00e9rt ehhez!<\/li>\n<li>Ragaszkodjon a szab\u00e1lyszer\u0171 sz\u00e1ml\u00e1hoz, \u00e9s ellen\u0151rizze az adatokat!<\/li>\n<li>Csak a fa lerak\u00e1sa ut\u00e1n fizessen, el\u0151re soha, \u00e9s ne utaljon!<\/li>\n<\/ul>\n","protected":false},"excerpt":{"rendered":"<p>Vigy\u00e1zat, \u00e1tver\u00e9s! Kedvezm\u00e9nyt \u00edg\u00e9rnek nyugd\u00edjasoknak el\u0151re utal\u00e1s eset\u00e9n. Egy bakonyi kistelep\u00fcl\u00e9sr\u0151l \u00e9rkezett feljelent\u00e9s a napokban a Veszpr\u00e9mi Rend\u0151rkapit\u00e1nys\u00e1gra: egy id\u0151s asszony t\u0171zifa\u00e1rus csal\u00f3k \u00e1ldozat\u00e1ul esett. Ny\u00e1ron az egyik \u00fajs\u00e1gban l\u00e1tott egy hirdet\u00e9st kedvez\u0151 \u00e1r\u00fa t\u0171zif\u00e1r\u00f3l. Az \u00fcgyint\u00e9z\u0151 azt \u00e1ll\u00edtotta, hogy &hellip; <a href=\"http:\/\/biztonsagosveszprem.hu\/?p=24462\">Egy kattint\u00e1s ide a folytat\u00e1shoz&#8230;. <span class=\"meta-nav\">&rarr;<\/span><\/a><\/p>\n","protected":false},"author":1,"featured_media":0,"comment_status":"closed","ping_status":"open","sticky":false,"template":"","format":"standard","meta":[],"categories":[4,3],"tags":[],"_links":{"self":[{"href":"http:\/\/biztonsagosveszprem.hu\/index.php?rest_route=\/wp\/v2\/posts\/24462"}],"collection":[{"href":"http:\/\/biztonsagosveszprem.hu\/index.php?rest_route=\/wp\/v2\/posts"}],"about":[{"href":"http:\/\/biztonsagosveszprem.hu\/index.php?rest_route=\/wp\/v2\/types\/post"}],"author":[{"embeddable":true,"href":"http:\/\/biztonsagosveszprem.hu\/index.php?rest_route=\/wp\/v2\/users\/1"}],"replies":[{"embeddable":true,"href":"http:\/\/biztonsagosveszprem.hu\/index.php?rest_route=%2Fwp%2Fv2%2Fcomments&post=24462"}],"version-history":[{"count":1,"href":"http:\/\/biztonsagosveszprem.hu\/index.php?rest_route=\/wp\/v2\/posts\/24462\/revisions"}],"predecessor-version":[{"id":24464,"href":"http:\/\/biztonsagosveszprem.hu\/index.php?rest_route=\/wp\/v2\/posts\/24462\/revisions\/24464"}],"wp:attachment":[{"href":"http:\/\/biztonsagosveszprem.hu\/index.php?rest_route=%2Fwp%2Fv2%2Fmedia&parent=24462"}],"wp:term":[{"taxonomy":"category","embeddable":true,"href":"http:\/\/biztonsagosveszprem.hu\/index.php?rest_route=%2Fwp%2Fv2%2Fcategories&post=24462"},{"taxonomy":"post_tag","embeddable":true,"href":"http:\/\/biztonsagosveszprem.hu\/index.php?rest_route=%2Fwp%2Fv2%2Ftags&post=24462"}],"curies":[{"name":"wp","href":"https:\/\/api.w.org\/{rel}","templated":true}]}}