{"id":24459,"date":"2025-09-16T12:52:33","date_gmt":"2025-09-16T11:52:33","guid":{"rendered":"http:\/\/biztonsagosveszprem.hu\/?p=24459"},"modified":"2025-09-16T12:52:33","modified_gmt":"2025-09-16T11:52:33","slug":"tobb-lopas-irhato-a-szamlajara","status":"publish","type":"post","link":"http:\/\/biztonsagosveszprem.hu\/?p=24459","title":{"rendered":"T\u00f6bb lop\u00e1s \u00edrhat\u00f3 a sz\u00e1ml\u00e1j\u00e1ra"},"content":{"rendered":"<p><strong>A nyomoz\u00f3k gyan\u00fas\u00edtottk\u00e9nt hallgattak ki egy 59 \u00e9ves hajm\u00e1sk\u00e9ri n\u0151t.<\/strong><\/p>\n<p><a href=\"http:\/\/biztonsagosveszprem.hu\/wp-content\/uploads\/2025\/09\/bolti-lopas1_0.jpg\"><img loading=\"lazy\" class=\"aligncenter size-full wp-image-24460\" src=\"http:\/\/biztonsagosveszprem.hu\/wp-content\/uploads\/2025\/09\/bolti-lopas1_0.jpg\" alt=\"\" width=\"751\" height=\"500\" srcset=\"http:\/\/biztonsagosveszprem.hu\/wp-content\/uploads\/2025\/09\/bolti-lopas1_0.jpg 751w, http:\/\/biztonsagosveszprem.hu\/wp-content\/uploads\/2025\/09\/bolti-lopas1_0-300x200.jpg 300w\" sizes=\"(max-width: 751px) 100vw, 751px\" \/><\/a><\/p>\n<p>Egy veszpr\u00e9mi bev\u00e1s\u00e1rl\u00f3k\u00f6zpont biztons\u00e1gi \u0151re szeptember 13-\u00e1n tett bejelent\u00e9st a rend\u0151rs\u00e9gre bolti lop\u00e1s miatt. A j\u00e1r\u0151r\u00f6k igazoltatt\u00e1k az \u00fczletben visszatartott, 59 \u00e9ves hajm\u00e1sk\u00e9ri n\u0151t. Elsz\u00e1moltat\u00e1sa sor\u00e1n meg\u00e1llap\u00edtott\u00e1k, hogy ruhanem\u0171t, m\u0171szaki cikket \u00e9s \u00e9lelmiszereket akart az \u00f6nkiszolg\u00e1l\u00f3 kassz\u00e1n\u00e1l \u00e1thaladva elvinni oly m\u00f3don, hogy csup\u00e1n egy term\u00e9k v\u00e9tel\u00e1r\u00e1t fizette ki. Aut\u00f3ja \u00e1tvizsg\u00e1l\u00e1sakor t\u00f6bb \u00e1rucikket is tal\u00e1ltak a j\u00e1r\u0151r\u00f6k, melyek eredet\u00e9vel nem tudott elsz\u00e1molni. Ezut\u00e1n el\u0151\u00e1ll\u00edtott\u00e1k tettest, \u00e9s a nyomoz\u00f3k \u00fczletszer\u0171en elk\u00f6vetett lop\u00e1s b\u0171ntett megalapozott gyan\u00faja miatt hallgatt\u00e1k ki.<\/p>\n","protected":false},"excerpt":{"rendered":"<p>A nyomoz\u00f3k gyan\u00fas\u00edtottk\u00e9nt hallgattak ki egy 59 \u00e9ves hajm\u00e1sk\u00e9ri n\u0151t. Egy veszpr\u00e9mi bev\u00e1s\u00e1rl\u00f3k\u00f6zpont biztons\u00e1gi \u0151re szeptember 13-\u00e1n tett bejelent\u00e9st a rend\u0151rs\u00e9gre bolti lop\u00e1s miatt. A j\u00e1r\u0151r\u00f6k igazoltatt\u00e1k az \u00fczletben visszatartott, 59 \u00e9ves hajm\u00e1sk\u00e9ri n\u0151t. Elsz\u00e1moltat\u00e1sa sor\u00e1n meg\u00e1llap\u00edtott\u00e1k, hogy ruhanem\u0171t, m\u0171szaki &hellip; <a href=\"http:\/\/biztonsagosveszprem.hu\/?p=24459\">Egy kattint\u00e1s ide a folytat\u00e1shoz&#8230;. <span class=\"meta-nav\">&rarr;<\/span><\/a><\/p>\n","protected":false},"author":1,"featured_media":0,"comment_status":"closed","ping_status":"open","sticky":false,"template":"","format":"standard","meta":[],"categories":[4,3],"tags":[],"_links":{"self":[{"href":"http:\/\/biztonsagosveszprem.hu\/index.php?rest_route=\/wp\/v2\/posts\/24459"}],"collection":[{"href":"http:\/\/biztonsagosveszprem.hu\/index.php?rest_route=\/wp\/v2\/posts"}],"about":[{"href":"http:\/\/biztonsagosveszprem.hu\/index.php?rest_route=\/wp\/v2\/types\/post"}],"author":[{"embeddable":true,"href":"http:\/\/biztonsagosveszprem.hu\/index.php?rest_route=\/wp\/v2\/users\/1"}],"replies":[{"embeddable":true,"href":"http:\/\/biztonsagosveszprem.hu\/index.php?rest_route=%2Fwp%2Fv2%2Fcomments&post=24459"}],"version-history":[{"count":1,"href":"http:\/\/biztonsagosveszprem.hu\/index.php?rest_route=\/wp\/v2\/posts\/24459\/revisions"}],"predecessor-version":[{"id":24461,"href":"http:\/\/biztonsagosveszprem.hu\/index.php?rest_route=\/wp\/v2\/posts\/24459\/revisions\/24461"}],"wp:attachment":[{"href":"http:\/\/biztonsagosveszprem.hu\/index.php?rest_route=%2Fwp%2Fv2%2Fmedia&parent=24459"}],"wp:term":[{"taxonomy":"category","embeddable":true,"href":"http:\/\/biztonsagosveszprem.hu\/index.php?rest_route=%2Fwp%2Fv2%2Fcategories&post=24459"},{"taxonomy":"post_tag","embeddable":true,"href":"http:\/\/biztonsagosveszprem.hu\/index.php?rest_route=%2Fwp%2Fv2%2Ftags&post=24459"}],"curies":[{"name":"wp","href":"https:\/\/api.w.org\/{rel}","templated":true}]}}