{"id":24440,"date":"2025-09-04T13:23:50","date_gmt":"2025-09-04T12:23:50","guid":{"rendered":"http:\/\/biztonsagosveszprem.hu\/?p=24440"},"modified":"2025-09-04T13:23:50","modified_gmt":"2025-09-04T12:23:50","slug":"lezart-akta-mobiltelefont-lopott","status":"publish","type":"post","link":"http:\/\/biztonsagosveszprem.hu\/?p=24440","title":{"rendered":"Lez\u00e1rt akta: mobiltelefont lopott"},"content":{"rendered":"<p><strong>Egy veszpr\u00e9mi c\u00e9g mosd\u00f3j\u00e1b\u00f3l vitte mag\u00e1val a k\u00e9sz\u00fcl\u00e9ket egy 27 \u00e9ves berhidai n\u0151.<\/strong><\/p>\n<p><a href=\"http:\/\/biztonsagosveszprem.hu\/wp-content\/uploads\/2025\/09\/logo6_8.jpg\"><img loading=\"lazy\" class=\"aligncenter size-full wp-image-24441\" src=\"http:\/\/biztonsagosveszprem.hu\/wp-content\/uploads\/2025\/09\/logo6_8.jpg\" alt=\"\" width=\"751\" height=\"500\" srcset=\"http:\/\/biztonsagosveszprem.hu\/wp-content\/uploads\/2025\/09\/logo6_8.jpg 751w, http:\/\/biztonsagosveszprem.hu\/wp-content\/uploads\/2025\/09\/logo6_8-300x200.jpg 300w\" sizes=\"(max-width: 751px) 100vw, 751px\" \/><\/a><\/p>\n<p>\u00c1llampolg\u00e1ri bejelent\u00e9s \u00e9rkezett a rend\u0151rs\u00e9gre febru\u00e1r 12-\u00e9n, hogy az egyik veszpr\u00e9mi c\u00e9g illemhelyis\u00e9g\u00e9ben lop\u00e1s t\u00f6rt\u00e9nt. A s\u00e9rtett egy a mosd\u00f3ban felejtette telefonj\u00e1t. R\u00f6vid id\u0151n bel\u00fcl \u00e9szrevette a bajt, de mire visszat\u00e9rt, a k\u00e9sz\u00fcl\u00e9ket m\u00e1r nem tal\u00e1lta ott. A sz\u00e9les k\u00f6r\u0171 adatgy\u0171jt\u00e9s sor\u00e1n a nyomoz\u00f3k azonos\u00edtott\u00e1k az elk\u00f6vet\u0151t, majd elfogt\u00e1k a 27 \u00e9ves berhidai n\u0151t. Ezut\u00e1n el\u0151\u00e1ll\u00edtott\u00e1k, \u00e9s gyan\u00fas\u00edtottk\u00e9nt hallgatt\u00e1k ki.<\/p>\n<p>A Veszpr\u00e9mi Rend\u0151rkapit\u00e1nys\u00e1g a nyomoz\u00e1st befejezte, \u00e9s az iratokat v\u00e1demel\u00e9si javaslattal k\u00fcldte meg az \u00fcgy\u00e9szs\u00e9gnek.<\/p>\n","protected":false},"excerpt":{"rendered":"<p>Egy veszpr\u00e9mi c\u00e9g mosd\u00f3j\u00e1b\u00f3l vitte mag\u00e1val a k\u00e9sz\u00fcl\u00e9ket egy 27 \u00e9ves berhidai n\u0151. \u00c1llampolg\u00e1ri bejelent\u00e9s \u00e9rkezett a rend\u0151rs\u00e9gre febru\u00e1r 12-\u00e9n, hogy az egyik veszpr\u00e9mi c\u00e9g illemhelyis\u00e9g\u00e9ben lop\u00e1s t\u00f6rt\u00e9nt. A s\u00e9rtett egy a mosd\u00f3ban felejtette telefonj\u00e1t. R\u00f6vid id\u0151n bel\u00fcl \u00e9szrevette a &hellip; <a href=\"http:\/\/biztonsagosveszprem.hu\/?p=24440\">Egy kattint\u00e1s ide a folytat\u00e1shoz&#8230;. <span class=\"meta-nav\">&rarr;<\/span><\/a><\/p>\n","protected":false},"author":1,"featured_media":0,"comment_status":"closed","ping_status":"open","sticky":false,"template":"","format":"standard","meta":[],"categories":[4,3],"tags":[],"_links":{"self":[{"href":"http:\/\/biztonsagosveszprem.hu\/index.php?rest_route=\/wp\/v2\/posts\/24440"}],"collection":[{"href":"http:\/\/biztonsagosveszprem.hu\/index.php?rest_route=\/wp\/v2\/posts"}],"about":[{"href":"http:\/\/biztonsagosveszprem.hu\/index.php?rest_route=\/wp\/v2\/types\/post"}],"author":[{"embeddable":true,"href":"http:\/\/biztonsagosveszprem.hu\/index.php?rest_route=\/wp\/v2\/users\/1"}],"replies":[{"embeddable":true,"href":"http:\/\/biztonsagosveszprem.hu\/index.php?rest_route=%2Fwp%2Fv2%2Fcomments&post=24440"}],"version-history":[{"count":1,"href":"http:\/\/biztonsagosveszprem.hu\/index.php?rest_route=\/wp\/v2\/posts\/24440\/revisions"}],"predecessor-version":[{"id":24442,"href":"http:\/\/biztonsagosveszprem.hu\/index.php?rest_route=\/wp\/v2\/posts\/24440\/revisions\/24442"}],"wp:attachment":[{"href":"http:\/\/biztonsagosveszprem.hu\/index.php?rest_route=%2Fwp%2Fv2%2Fmedia&parent=24440"}],"wp:term":[{"taxonomy":"category","embeddable":true,"href":"http:\/\/biztonsagosveszprem.hu\/index.php?rest_route=%2Fwp%2Fv2%2Fcategories&post=24440"},{"taxonomy":"post_tag","embeddable":true,"href":"http:\/\/biztonsagosveszprem.hu\/index.php?rest_route=%2Fwp%2Fv2%2Ftags&post=24440"}],"curies":[{"name":"wp","href":"https:\/\/api.w.org\/{rel}","templated":true}]}}