{"id":24437,"date":"2025-09-03T15:27:37","date_gmt":"2025-09-03T14:27:37","guid":{"rendered":"http:\/\/biztonsagosveszprem.hu\/?p=24437"},"modified":"2025-09-04T07:29:26","modified_gmt":"2025-09-04T06:29:26","slug":"hat-gepkocsit-tort-fel-egy-ejszaka-alatt","status":"publish","type":"post","link":"http:\/\/biztonsagosveszprem.hu\/?p=24437","title":{"rendered":"Hat g\u00e9pkocsit t\u00f6rt fel egy \u00e9jszaka alatt"},"content":{"rendered":"<div class=\"lead-text\">\n<p><strong>A veszpr\u00e9mi rend\u0151r\u00f6k azonos\u00edtottak \u00e9s elfogtak egy 37 \u00e9ves hajm\u00e1sk\u00e9ri f\u00e9rfit.<\/strong><\/p>\n<\/div>\n<p><a href=\"http:\/\/biztonsagosveszprem.hu\/wp-content\/uploads\/2025\/09\/Hajmasker2.jpg\"><img loading=\"lazy\" class=\"aligncenter size-full wp-image-24438\" src=\"http:\/\/biztonsagosveszprem.hu\/wp-content\/uploads\/2025\/09\/Hajmasker2.jpg\" alt=\"\" width=\"751\" height=\"500\" srcset=\"http:\/\/biztonsagosveszprem.hu\/wp-content\/uploads\/2025\/09\/Hajmasker2.jpg 751w, http:\/\/biztonsagosveszprem.hu\/wp-content\/uploads\/2025\/09\/Hajmasker2-300x200.jpg 300w\" sizes=\"(max-width: 751px) 100vw, 751px\" \/><\/a><\/p>\n<p>\u00c1llampolg\u00e1ri bejelent\u00e9s \u00e9rkezett a Veszpr\u00e9mi Rend\u0151rkapit\u00e1nys\u00e1gra augusztus 31-\u00e9n este, hogy Hajm\u00e1sk\u00e9ren az egyik lak\u00f3telep parkol\u00f3j\u00e1ban ismeretlen tettes bet\u00f6rte az ott \u00e1ll\u00f3 aut\u00f3k sz\u00e9lv\u00e9d\u0151it, visszapillant\u00f3 t\u00fckreiket pedig megrong\u00e1lta. Az adatgy\u0171jt\u00e9s eredm\u00e9nyek\u00e9nt a rend\u0151r\u00f6k azonos\u00edtott\u00e1k az elk\u00f6vet\u0151t, majd r\u00f6vid id\u0151n bel\u00fcl elfogt\u00e1k.<\/p>\n<p>A nyomoz\u00f3k meg\u00e1llap\u00edtott\u00e1k, hogy a f\u00e9rfi c\u00e9lja anyagi haszonszerz\u00e9s volt, a hat g\u00e9pkocsi felt\u00f6r\u00e9s\u00e9vel akart \u00e9rt\u00e9keket elvinni.<\/p>\n<p>\u0150rizetbe v\u00e9tele mellett hatrendbeli, er\u0151szakkal elk\u00f6vetett lop\u00e1s k\u00eds\u00e9rlete miatt gyan\u00fas\u00edtottk\u00e9nt hallgatt\u00e1k ki a 37 \u00e9ves hajm\u00e1sk\u00e9ri f\u00e9rfit, \u00e9s kezdem\u00e9nyezt\u00e9k letart\u00f3ztat\u00e1s\u00e1t.<\/p>\n","protected":false},"excerpt":{"rendered":"<p>A veszpr\u00e9mi rend\u0151r\u00f6k azonos\u00edtottak \u00e9s elfogtak egy 37 \u00e9ves hajm\u00e1sk\u00e9ri f\u00e9rfit. \u00c1llampolg\u00e1ri bejelent\u00e9s \u00e9rkezett a Veszpr\u00e9mi Rend\u0151rkapit\u00e1nys\u00e1gra augusztus 31-\u00e9n este, hogy Hajm\u00e1sk\u00e9ren az egyik lak\u00f3telep parkol\u00f3j\u00e1ban ismeretlen tettes bet\u00f6rte az ott \u00e1ll\u00f3 aut\u00f3k sz\u00e9lv\u00e9d\u0151it, visszapillant\u00f3 t\u00fckreiket pedig megrong\u00e1lta. Az adatgy\u0171jt\u00e9s &hellip; <a href=\"http:\/\/biztonsagosveszprem.hu\/?p=24437\">Egy kattint\u00e1s ide a folytat\u00e1shoz&#8230;. <span class=\"meta-nav\">&rarr;<\/span><\/a><\/p>\n","protected":false},"author":1,"featured_media":0,"comment_status":"closed","ping_status":"open","sticky":false,"template":"","format":"standard","meta":[],"categories":[4,3],"tags":[],"_links":{"self":[{"href":"http:\/\/biztonsagosveszprem.hu\/index.php?rest_route=\/wp\/v2\/posts\/24437"}],"collection":[{"href":"http:\/\/biztonsagosveszprem.hu\/index.php?rest_route=\/wp\/v2\/posts"}],"about":[{"href":"http:\/\/biztonsagosveszprem.hu\/index.php?rest_route=\/wp\/v2\/types\/post"}],"author":[{"embeddable":true,"href":"http:\/\/biztonsagosveszprem.hu\/index.php?rest_route=\/wp\/v2\/users\/1"}],"replies":[{"embeddable":true,"href":"http:\/\/biztonsagosveszprem.hu\/index.php?rest_route=%2Fwp%2Fv2%2Fcomments&post=24437"}],"version-history":[{"count":1,"href":"http:\/\/biztonsagosveszprem.hu\/index.php?rest_route=\/wp\/v2\/posts\/24437\/revisions"}],"predecessor-version":[{"id":24439,"href":"http:\/\/biztonsagosveszprem.hu\/index.php?rest_route=\/wp\/v2\/posts\/24437\/revisions\/24439"}],"wp:attachment":[{"href":"http:\/\/biztonsagosveszprem.hu\/index.php?rest_route=%2Fwp%2Fv2%2Fmedia&parent=24437"}],"wp:term":[{"taxonomy":"category","embeddable":true,"href":"http:\/\/biztonsagosveszprem.hu\/index.php?rest_route=%2Fwp%2Fv2%2Fcategories&post=24437"},{"taxonomy":"post_tag","embeddable":true,"href":"http:\/\/biztonsagosveszprem.hu\/index.php?rest_route=%2Fwp%2Fv2%2Ftags&post=24437"}],"curies":[{"name":"wp","href":"https:\/\/api.w.org\/{rel}","templated":true}]}}