{"id":24432,"date":"2025-09-01T16:00:27","date_gmt":"2025-09-01T15:00:27","guid":{"rendered":"http:\/\/biztonsagosveszprem.hu\/?p=24432"},"modified":"2025-09-02T04:48:38","modified_gmt":"2025-09-02T03:48:38","slug":"prevencios-programok-tacsik-kozott","status":"publish","type":"post","link":"http:\/\/biztonsagosveszprem.hu\/?p=24432","title":{"rendered":"Prevenci\u00f3s programok tacsik k\u00f6z\u00f6tt"},"content":{"rendered":"<p><strong>A veszpr\u00e9mi rend\u0151r\u00f6k sz\u00ednes programokkal v\u00e1rt\u00e1k a kutyabar\u00e1tokat.<\/strong><\/p>\n<p><a href=\"http:\/\/biztonsagosveszprem.hu\/wp-content\/uploads\/2025\/09\/tacsi1.jpg\"><img loading=\"lazy\" class=\"aligncenter size-full wp-image-24433\" src=\"http:\/\/biztonsagosveszprem.hu\/wp-content\/uploads\/2025\/09\/tacsi1.jpg\" alt=\"\" width=\"751\" height=\"500\" srcset=\"http:\/\/biztonsagosveszprem.hu\/wp-content\/uploads\/2025\/09\/tacsi1.jpg 751w, http:\/\/biztonsagosveszprem.hu\/wp-content\/uploads\/2025\/09\/tacsi1-300x200.jpg 300w\" sizes=\"(max-width: 751px) 100vw, 751px\" \/><\/a><\/p>\n<p>A Veszpr\u00e9mi Rend\u0151rkapit\u00e1nys\u00e1g munkat\u00e1rsai prevenci\u00f3s kitelep\u00fcl\u00e9ssel v\u00e1rt\u00e1k az \u00e9rdekl\u0151d\u0151ket augusztus 30-\u00e1n, az imm\u00e1r kilencedik alkalommal megrendezett \u201eTacsi Tali\u201d tal\u00e1lkoz\u00f3n.<\/p>\n<p>A rend\u0151r\u00f6k hasznos b\u0171nmegel\u0151z\u00e9si tan\u00e1csokkal l\u00e1tt\u00e1k el a r\u00e9sztvev\u0151ket, valamint toborz\u00f3 tev\u00e9kenys\u00e9g keret\u00e9ben n\u00e9pszer\u0171s\u00edtett\u00e9k a rend\u0151ri hivat\u00e1st \u00e9s az iskola\u0151rs\u00e9g int\u00e9zm\u00e9ny\u00e9t. Nagy sikert aratott a gyermekek k\u00f6r\u00e9ben a l\u00e9zerf\u00e9nyes c\u00e9ll\u00f6v\u00e9szet, a k\u00f6zleked\u00e9sbiztons\u00e1gi szerencseker\u00e9k \u00e9s az \u00e9rdekl\u0151d\u0151k egy szolg\u00e1lati kuty\u00e1s bemutat\u00f3t is megtekinthettek.<\/p>\n<p>&nbsp;<\/p>\n","protected":false},"excerpt":{"rendered":"<p>A veszpr\u00e9mi rend\u0151r\u00f6k sz\u00ednes programokkal v\u00e1rt\u00e1k a kutyabar\u00e1tokat. A Veszpr\u00e9mi Rend\u0151rkapit\u00e1nys\u00e1g munkat\u00e1rsai prevenci\u00f3s kitelep\u00fcl\u00e9ssel v\u00e1rt\u00e1k az \u00e9rdekl\u0151d\u0151ket augusztus 30-\u00e1n, az imm\u00e1r kilencedik alkalommal megrendezett \u201eTacsi Tali\u201d tal\u00e1lkoz\u00f3n. A rend\u0151r\u00f6k hasznos b\u0171nmegel\u0151z\u00e9si tan\u00e1csokkal l\u00e1tt\u00e1k el a r\u00e9sztvev\u0151ket, valamint toborz\u00f3 tev\u00e9kenys\u00e9g keret\u00e9ben &hellip; <a href=\"http:\/\/biztonsagosveszprem.hu\/?p=24432\">Egy kattint\u00e1s ide a folytat\u00e1shoz&#8230;. <span class=\"meta-nav\">&rarr;<\/span><\/a><\/p>\n","protected":false},"author":1,"featured_media":0,"comment_status":"closed","ping_status":"open","sticky":false,"template":"","format":"standard","meta":[],"categories":[4,3],"tags":[],"_links":{"self":[{"href":"http:\/\/biztonsagosveszprem.hu\/index.php?rest_route=\/wp\/v2\/posts\/24432"}],"collection":[{"href":"http:\/\/biztonsagosveszprem.hu\/index.php?rest_route=\/wp\/v2\/posts"}],"about":[{"href":"http:\/\/biztonsagosveszprem.hu\/index.php?rest_route=\/wp\/v2\/types\/post"}],"author":[{"embeddable":true,"href":"http:\/\/biztonsagosveszprem.hu\/index.php?rest_route=\/wp\/v2\/users\/1"}],"replies":[{"embeddable":true,"href":"http:\/\/biztonsagosveszprem.hu\/index.php?rest_route=%2Fwp%2Fv2%2Fcomments&post=24432"}],"version-history":[{"count":1,"href":"http:\/\/biztonsagosveszprem.hu\/index.php?rest_route=\/wp\/v2\/posts\/24432\/revisions"}],"predecessor-version":[{"id":24434,"href":"http:\/\/biztonsagosveszprem.hu\/index.php?rest_route=\/wp\/v2\/posts\/24432\/revisions\/24434"}],"wp:attachment":[{"href":"http:\/\/biztonsagosveszprem.hu\/index.php?rest_route=%2Fwp%2Fv2%2Fmedia&parent=24432"}],"wp:term":[{"taxonomy":"category","embeddable":true,"href":"http:\/\/biztonsagosveszprem.hu\/index.php?rest_route=%2Fwp%2Fv2%2Fcategories&post=24432"},{"taxonomy":"post_tag","embeddable":true,"href":"http:\/\/biztonsagosveszprem.hu\/index.php?rest_route=%2Fwp%2Fv2%2Ftags&post=24432"}],"curies":[{"name":"wp","href":"https:\/\/api.w.org\/{rel}","templated":true}]}}