{"id":24422,"date":"2025-08-27T17:19:27","date_gmt":"2025-08-27T16:19:27","guid":{"rendered":"http:\/\/biztonsagosveszprem.hu\/?p=24422"},"modified":"2025-08-27T17:19:27","modified_gmt":"2025-08-27T16:19:27","slug":"igeretes-befektetessel-kecsegtettek-az-aldozatot","status":"publish","type":"post","link":"http:\/\/biztonsagosveszprem.hu\/?p=24422","title":{"rendered":"\u00cdG\u00c9RETES BEFEKTET\u00c9SSEL KECSEGTETT\u00c9K AZ \u00c1LDOZATOT"},"content":{"rendered":"<p><strong>K\u00f6lcs\u00f6n felv\u00e9tel\u00e9re is r\u00e1 akart\u00e1k b\u00edrni, miut\u00e1n lerabolt\u00e1k a sz\u00e1ml\u00e1it.<\/strong><\/p>\n<p><a href=\"http:\/\/biztonsagosveszprem.hu\/wp-content\/uploads\/2025\/08\/Matrixjo_79.jpg\"><img loading=\"lazy\" class=\"aligncenter size-full wp-image-24423\" src=\"http:\/\/biztonsagosveszprem.hu\/wp-content\/uploads\/2025\/08\/Matrixjo_79.jpg\" alt=\"\" width=\"751\" height=\"500\" srcset=\"http:\/\/biztonsagosveszprem.hu\/wp-content\/uploads\/2025\/08\/Matrixjo_79.jpg 751w, http:\/\/biztonsagosveszprem.hu\/wp-content\/uploads\/2025\/08\/Matrixjo_79-300x200.jpg 300w\" sizes=\"(max-width: 751px) 100vw, 751px\" \/><\/a><\/p>\n<p>Egyed\u00fcl\u00e1ll\u00f3 befektet\u00e9si lehet\u0151s\u00e9gre hivatkozva h\u00edvt\u00e1k fel a csal\u00f3k azt a k\u00f6z\u00e9pkor\u00fa f\u00e9rfit, aki a napokban tett feljelent\u00e9st a Veszpr\u00e9mi Rend\u0151rkapit\u00e1nys\u00e1gon. A s\u00e9rtett elmondta, hogy augusztus 21-\u00e9n felh\u00edvt\u00e1k egy j\u00f3l kamatoz\u00f3 befektet\u00e9si lehet\u0151s\u00e9g \u00edg\u00e9ret\u00e9vel, \u00e9s elutalt 300 doll\u00e1rt a megadott sz\u00e1mlasz\u00e1mra.<\/p>\n<p>R\u00f6viddel k\u00e9s\u0151bb m\u00e1r a \u201ebr\u00f3ker\u201d telefon\u00e1lt \u00e9s k\u00e9rt e-mail-c\u00edmet, amire meg\u00e9rkezett a link a profit utal\u00e1s\u00e1hoz. Erre kattintott a s\u00e9rtett, ami lehet\u0151s\u00e9get adott a banksz\u00e1ml\u00e1r\u00f3l a p\u00e9nz leemel\u00e9s\u00e9re.<\/p>\n<p>A hasonl\u00f3 esetek elker\u00fcl\u00e9se \u00e9rdek\u00e9ben utas\u00edtsa el a befektet\u00e9si lehet\u0151s\u00e9gekkel kapcsolatos k\u00e9retlen telefonh\u00edv\u00e1sokat, b\u00e1rmilyen egyszer\u0171 \u00e9s k\u00f6nny\u0171 p\u00e9nzszerz\u00e9sr\u0151l, meggazdagod\u00e1sr\u00f3l sz\u00f3lnak is!<\/p>\n<p>\u00d3vakodjon a j\u00f6v\u0151beli csal\u00e1sokt\u00f3l! Ha egyszer m\u00e1r befektet\u00e9si csal\u00e1s \u00e1ldozat\u00e1v\u00e1 v\u00e1lt, a b\u0171n\u00f6z\u0151k val\u00f3sz\u00edn\u0171leg \u00fajra megkeresik, vagy eladj\u00e1k adatait m\u00e1s csal\u00f3knak.<\/p>\n<p>Mindig gyanakodjon, ha:<\/p>\n<p>&#8211; az a meg\u00e9rz\u00e9se t\u00e1mad, hogy ez \u201et\u00fal sz\u00e9p, hogy igaz legyen\u201d;<\/p>\n<p>&#8211; az aj\u00e1nlat csak korl\u00e1tozott ideig \u00e9l, lemaradhat r\u00f3la;<\/p>\n<p>&#8211;\u00a0az aj\u00e1nlat csak \u00d6nnek \u00e9rhet\u0151 el, \u00e9s megk\u00e9rik, hogy senkinek se sz\u00f3ljon r\u00f3la!<\/p>\n<p><em>Az online t\u00e9rben elk\u00f6vetett csal\u00e1sok megel\u0151z\u00e9s\u00e9vel kapcsolatban tov\u00e1bbi hasznos inform\u00e1ci\u00f3kat, aktualit\u00e1sokat, tan\u00e1csokat a\u00a0<\/em><a href=\"https:\/\/kiberpajzs.hu\/\"><em>KiberPajzs oldal\u00e1n<\/em><\/a><em>\u00a0tal\u00e1l.<\/em><\/p>\n<p>&nbsp;<\/p>\n<p>&nbsp;<\/p>\n","protected":false},"excerpt":{"rendered":"<p>K\u00f6lcs\u00f6n felv\u00e9tel\u00e9re is r\u00e1 akart\u00e1k b\u00edrni, miut\u00e1n lerabolt\u00e1k a sz\u00e1ml\u00e1it. Egyed\u00fcl\u00e1ll\u00f3 befektet\u00e9si lehet\u0151s\u00e9gre hivatkozva h\u00edvt\u00e1k fel a csal\u00f3k azt a k\u00f6z\u00e9pkor\u00fa f\u00e9rfit, aki a napokban tett feljelent\u00e9st a Veszpr\u00e9mi Rend\u0151rkapit\u00e1nys\u00e1gon. A s\u00e9rtett elmondta, hogy augusztus 21-\u00e9n felh\u00edvt\u00e1k egy j\u00f3l kamatoz\u00f3 &hellip; <a href=\"http:\/\/biztonsagosveszprem.hu\/?p=24422\">Egy kattint\u00e1s ide a folytat\u00e1shoz&#8230;. <span class=\"meta-nav\">&rarr;<\/span><\/a><\/p>\n","protected":false},"author":1,"featured_media":0,"comment_status":"closed","ping_status":"open","sticky":false,"template":"","format":"standard","meta":[],"categories":[4,3],"tags":[],"_links":{"self":[{"href":"http:\/\/biztonsagosveszprem.hu\/index.php?rest_route=\/wp\/v2\/posts\/24422"}],"collection":[{"href":"http:\/\/biztonsagosveszprem.hu\/index.php?rest_route=\/wp\/v2\/posts"}],"about":[{"href":"http:\/\/biztonsagosveszprem.hu\/index.php?rest_route=\/wp\/v2\/types\/post"}],"author":[{"embeddable":true,"href":"http:\/\/biztonsagosveszprem.hu\/index.php?rest_route=\/wp\/v2\/users\/1"}],"replies":[{"embeddable":true,"href":"http:\/\/biztonsagosveszprem.hu\/index.php?rest_route=%2Fwp%2Fv2%2Fcomments&post=24422"}],"version-history":[{"count":1,"href":"http:\/\/biztonsagosveszprem.hu\/index.php?rest_route=\/wp\/v2\/posts\/24422\/revisions"}],"predecessor-version":[{"id":24424,"href":"http:\/\/biztonsagosveszprem.hu\/index.php?rest_route=\/wp\/v2\/posts\/24422\/revisions\/24424"}],"wp:attachment":[{"href":"http:\/\/biztonsagosveszprem.hu\/index.php?rest_route=%2Fwp%2Fv2%2Fmedia&parent=24422"}],"wp:term":[{"taxonomy":"category","embeddable":true,"href":"http:\/\/biztonsagosveszprem.hu\/index.php?rest_route=%2Fwp%2Fv2%2Fcategories&post=24422"},{"taxonomy":"post_tag","embeddable":true,"href":"http:\/\/biztonsagosveszprem.hu\/index.php?rest_route=%2Fwp%2Fv2%2Ftags&post=24422"}],"curies":[{"name":"wp","href":"https:\/\/api.w.org\/{rel}","templated":true}]}}