{"id":24419,"date":"2025-08-27T17:16:21","date_gmt":"2025-08-27T16:16:21","guid":{"rendered":"http:\/\/biztonsagosveszprem.hu\/?p=24419"},"modified":"2025-08-27T17:16:21","modified_gmt":"2025-08-27T16:16:21","slug":"harom-utassal-borult-fel-az-ittas-sofor","status":"publish","type":"post","link":"http:\/\/biztonsagosveszprem.hu\/?p=24419","title":{"rendered":"H\u00c1ROM UTASSAL BORULT FEL AZ ITTAS SOF\u0150R"},"content":{"rendered":"<p><strong>A Veszpr\u00e9mi Rend\u0151rkapit\u00e1nys\u00e1g b\u00fcntet\u0151elj\u00e1r\u00e1s keret\u00e9ben vizsg\u00e1lta az \u00fcgyet.<\/strong><\/p>\n<p><a href=\"http:\/\/biztonsagosveszprem.hu\/wp-content\/uploads\/2025\/08\/ittasvadas-2025.08.25.jpg\"><img loading=\"lazy\" class=\"aligncenter size-full wp-image-24420\" src=\"http:\/\/biztonsagosveszprem.hu\/wp-content\/uploads\/2025\/08\/ittasvadas-2025.08.25.jpg\" alt=\"\" width=\"751\" height=\"500\" srcset=\"http:\/\/biztonsagosveszprem.hu\/wp-content\/uploads\/2025\/08\/ittasvadas-2025.08.25.jpg 751w, http:\/\/biztonsagosveszprem.hu\/wp-content\/uploads\/2025\/08\/ittasvadas-2025.08.25-300x200.jpg 300w\" sizes=\"(max-width: 751px) 100vw, 751px\" \/><\/a><\/p>\n<p>Ittasan \u00fclt a vol\u00e1n m\u00f6g\u00e9 az a 23 \u00e9ves f\u00e9rfi, aki j\u00fanius 28-\u00e1n \u00e9jszaka, 1 \u00f3ra k\u00f6r\u00fcl Nagyv\u00e1zsony belter\u00fclet\u00e9n szenvedett balesetet h\u00e1rom utas\u00e1val. A sof\u0151r egy balra \u00edvel\u0151 \u00fatkanyarulatban kisodr\u00f3dott aut\u00f3j\u00e1val \u00e9s f\u00e1nak, majd egy k\u0151ker\u00edt\u00e9snek \u00fctk\u00f6z\u00f6tt, majd felborult. A balesetben mindannyian megs\u00e9r\u00fcltek.<\/p>\n<p>Az int\u00e9zked\u00e9s sor\u00e1n kider\u00fclt, a sof\u0151r a vezet\u00e9s megkezd\u00e9se el\u0151tt alkoholt fogyasztott.<\/p>\n<p>A f\u00e9rfi ellen indult b\u00fcntet\u0151elj\u00e1r\u00e1sban bevont\u00e1k a rend\u0151r\u00f6k a 23 \u00e9ves veszpr\u00e9mi f\u00e9rfi vezet\u0151i enged\u00e9ly\u00e9t.<\/p>\n<p>A nyomoz\u00e1st a Veszpr\u00e9mi Rend\u0151rkapit\u00e1nys\u00e1g befejezte, az iratokat \u00e1tadta az \u00fcgy\u00e9szs\u00e9gnek.<\/p>\n","protected":false},"excerpt":{"rendered":"<p>A Veszpr\u00e9mi Rend\u0151rkapit\u00e1nys\u00e1g b\u00fcntet\u0151elj\u00e1r\u00e1s keret\u00e9ben vizsg\u00e1lta az \u00fcgyet. Ittasan \u00fclt a vol\u00e1n m\u00f6g\u00e9 az a 23 \u00e9ves f\u00e9rfi, aki j\u00fanius 28-\u00e1n \u00e9jszaka, 1 \u00f3ra k\u00f6r\u00fcl Nagyv\u00e1zsony belter\u00fclet\u00e9n szenvedett balesetet h\u00e1rom utas\u00e1val. A sof\u0151r egy balra \u00edvel\u0151 \u00fatkanyarulatban kisodr\u00f3dott aut\u00f3j\u00e1val \u00e9s &hellip; <a href=\"http:\/\/biztonsagosveszprem.hu\/?p=24419\">Egy kattint\u00e1s ide a folytat\u00e1shoz&#8230;. <span class=\"meta-nav\">&rarr;<\/span><\/a><\/p>\n","protected":false},"author":1,"featured_media":0,"comment_status":"closed","ping_status":"open","sticky":false,"template":"","format":"standard","meta":[],"categories":[4,3],"tags":[],"_links":{"self":[{"href":"http:\/\/biztonsagosveszprem.hu\/index.php?rest_route=\/wp\/v2\/posts\/24419"}],"collection":[{"href":"http:\/\/biztonsagosveszprem.hu\/index.php?rest_route=\/wp\/v2\/posts"}],"about":[{"href":"http:\/\/biztonsagosveszprem.hu\/index.php?rest_route=\/wp\/v2\/types\/post"}],"author":[{"embeddable":true,"href":"http:\/\/biztonsagosveszprem.hu\/index.php?rest_route=\/wp\/v2\/users\/1"}],"replies":[{"embeddable":true,"href":"http:\/\/biztonsagosveszprem.hu\/index.php?rest_route=%2Fwp%2Fv2%2Fcomments&post=24419"}],"version-history":[{"count":1,"href":"http:\/\/biztonsagosveszprem.hu\/index.php?rest_route=\/wp\/v2\/posts\/24419\/revisions"}],"predecessor-version":[{"id":24421,"href":"http:\/\/biztonsagosveszprem.hu\/index.php?rest_route=\/wp\/v2\/posts\/24419\/revisions\/24421"}],"wp:attachment":[{"href":"http:\/\/biztonsagosveszprem.hu\/index.php?rest_route=%2Fwp%2Fv2%2Fmedia&parent=24419"}],"wp:term":[{"taxonomy":"category","embeddable":true,"href":"http:\/\/biztonsagosveszprem.hu\/index.php?rest_route=%2Fwp%2Fv2%2Fcategories&post=24419"},{"taxonomy":"post_tag","embeddable":true,"href":"http:\/\/biztonsagosveszprem.hu\/index.php?rest_route=%2Fwp%2Fv2%2Ftags&post=24419"}],"curies":[{"name":"wp","href":"https:\/\/api.w.org\/{rel}","templated":true}]}}