{"id":24409,"date":"2025-08-22T13:30:30","date_gmt":"2025-08-22T12:30:30","guid":{"rendered":"http:\/\/biztonsagosveszprem.hu\/?p=24409"},"modified":"2025-08-22T13:30:30","modified_gmt":"2025-08-22T12:30:30","slug":"autok-kozott-bolyongtak-ittasan","status":"publish","type":"post","link":"http:\/\/biztonsagosveszprem.hu\/?p=24409","title":{"rendered":"AUT\u00d3K K\u00d6Z\u00d6TT BOLYONGTAK ITTASAN"},"content":{"rendered":"<p><strong>A veszpr\u00e9mi rend\u0151r\u00f6k elfogt\u00e1k a 29 \u00e9ves f\u00e9rfit \u00e9s a bar\u00e1tn\u0151j\u00e9t.<\/strong><\/p>\n<p><a href=\"http:\/\/biztonsagosveszprem.hu\/wp-content\/uploads\/2025\/08\/vp-garazdasag1.jpg\"><img loading=\"lazy\" class=\"aligncenter size-full wp-image-24410\" src=\"http:\/\/biztonsagosveszprem.hu\/wp-content\/uploads\/2025\/08\/vp-garazdasag1.jpg\" alt=\"\" width=\"751\" height=\"500\" srcset=\"http:\/\/biztonsagosveszprem.hu\/wp-content\/uploads\/2025\/08\/vp-garazdasag1.jpg 751w, http:\/\/biztonsagosveszprem.hu\/wp-content\/uploads\/2025\/08\/vp-garazdasag1-300x200.jpg 300w\" sizes=\"(max-width: 751px) 100vw, 751px\" \/><\/a><\/p>\n<p>Bejelent\u00e9s \u00e9rkezett a rend\u0151rs\u00e9gre augusztus 20-\u00e1n \u00e9jszaka, hogy ketten Veszpr\u00e9mben az aut\u00f3k k\u00f6z\u00f6tt t\u00e1ntorognak ittasan. A 29 \u00e9ves sz\u00e9kesfeh\u00e9rv\u00e1ri f\u00e9rfit \u00e9s 30 \u00e9ves bar\u00e1tn\u0151j\u00e9t egy aut\u00f3s p\u00e1r terelte le az \u00fattestr\u0151l. B\u00e1r siker\u00fclt \u0151ket letess\u00e9kelni az \u00fatr\u00f3l, a j\u00f3sz\u00e1nd\u00e9k\u00fa aut\u00f3vezet\u0151vel \u00e9s utas\u00e1val szemben t\u00e1mad\u00f3lag l\u00e9ptek fel. Az eset tan\u00faja volt egy j\u00e1r\u00f3kel\u0151, aki a seg\u00edt\u0151 sz\u00e1nd\u00e9k\u00fa p\u00e1r v\u00e9delm\u00e9re sietett, \u00e9s \u00e9rtes\u00edtette a rend\u0151rs\u00e9get. Az elk\u00f6vet\u0151k s\u00e9relmezt\u00e9k ezt, ez\u00e9rt a 29 \u00e9ves f\u00e9rfi \u2013 bar\u00e1tn\u0151je buzd\u00edt\u00e1s\u00e1ra \u2013 b\u00e1ntalmazta a telefon\u00e1l\u00f3t, aki ett\u0151l megs\u00e9r\u00fclt.<\/p>\n<p>A rend\u0151r\u00f6k el\u0151\u00e1ll\u00edtott\u00e1k a p\u00e1rt, majd \u2013 \u0151rizetbe v\u00e9tel\u00fck mellett \u2013 gyan\u00fas\u00edtottk\u00e9nt hallgatt\u00e1k ki \u0151ket gar\u00e1zdas\u00e1g miatt.<\/p>\n","protected":false},"excerpt":{"rendered":"<p>A veszpr\u00e9mi rend\u0151r\u00f6k elfogt\u00e1k a 29 \u00e9ves f\u00e9rfit \u00e9s a bar\u00e1tn\u0151j\u00e9t. Bejelent\u00e9s \u00e9rkezett a rend\u0151rs\u00e9gre augusztus 20-\u00e1n \u00e9jszaka, hogy ketten Veszpr\u00e9mben az aut\u00f3k k\u00f6z\u00f6tt t\u00e1ntorognak ittasan. A 29 \u00e9ves sz\u00e9kesfeh\u00e9rv\u00e1ri f\u00e9rfit \u00e9s 30 \u00e9ves bar\u00e1tn\u0151j\u00e9t egy aut\u00f3s p\u00e1r terelte le &hellip; <a href=\"http:\/\/biztonsagosveszprem.hu\/?p=24409\">Egy kattint\u00e1s ide a folytat\u00e1shoz&#8230;. <span class=\"meta-nav\">&rarr;<\/span><\/a><\/p>\n","protected":false},"author":1,"featured_media":0,"comment_status":"closed","ping_status":"open","sticky":false,"template":"","format":"standard","meta":[],"categories":[4,3],"tags":[],"_links":{"self":[{"href":"http:\/\/biztonsagosveszprem.hu\/index.php?rest_route=\/wp\/v2\/posts\/24409"}],"collection":[{"href":"http:\/\/biztonsagosveszprem.hu\/index.php?rest_route=\/wp\/v2\/posts"}],"about":[{"href":"http:\/\/biztonsagosveszprem.hu\/index.php?rest_route=\/wp\/v2\/types\/post"}],"author":[{"embeddable":true,"href":"http:\/\/biztonsagosveszprem.hu\/index.php?rest_route=\/wp\/v2\/users\/1"}],"replies":[{"embeddable":true,"href":"http:\/\/biztonsagosveszprem.hu\/index.php?rest_route=%2Fwp%2Fv2%2Fcomments&post=24409"}],"version-history":[{"count":1,"href":"http:\/\/biztonsagosveszprem.hu\/index.php?rest_route=\/wp\/v2\/posts\/24409\/revisions"}],"predecessor-version":[{"id":24411,"href":"http:\/\/biztonsagosveszprem.hu\/index.php?rest_route=\/wp\/v2\/posts\/24409\/revisions\/24411"}],"wp:attachment":[{"href":"http:\/\/biztonsagosveszprem.hu\/index.php?rest_route=%2Fwp%2Fv2%2Fmedia&parent=24409"}],"wp:term":[{"taxonomy":"category","embeddable":true,"href":"http:\/\/biztonsagosveszprem.hu\/index.php?rest_route=%2Fwp%2Fv2%2Fcategories&post=24409"},{"taxonomy":"post_tag","embeddable":true,"href":"http:\/\/biztonsagosveszprem.hu\/index.php?rest_route=%2Fwp%2Fv2%2Ftags&post=24409"}],"curies":[{"name":"wp","href":"https:\/\/api.w.org\/{rel}","templated":true}]}}