{"id":20729,"date":"2025-07-10T15:30:10","date_gmt":"2025-07-10T14:30:10","guid":{"rendered":"http:\/\/biztonsagosveszprem.hu\/?p=20729"},"modified":"2025-07-12T08:43:57","modified_gmt":"2025-07-12T07:43:57","slug":"lepcsohazban-terjengett-a-marihuanafust","status":"publish","type":"post","link":"http:\/\/biztonsagosveszprem.hu\/?p=20729","title":{"rendered":"L\u00c9PCS\u0150H\u00c1ZBAN TERJENGETT A MARIHU\u00c1NAF\u00dcST"},"content":{"rendered":"<p><strong>A Veszpr\u00e9mi Rend\u0151rkapit\u00e1nys\u00e1g befejezte a fiatal p\u00e1rral szemben k\u00e1b\u00edt\u00f3szer-birtokl\u00e1s miatt folytatott elj\u00e1r\u00e1st.<\/strong><\/p>\n<p><a href=\"http:\/\/biztonsagosveszprem.hu\/wp-content\/uploads\/2025\/07\/kabszer-vadas-2025.07.10-00000002.jpg\"><img loading=\"lazy\" class=\"aligncenter size-full wp-image-20730\" src=\"http:\/\/biztonsagosveszprem.hu\/wp-content\/uploads\/2025\/07\/kabszer-vadas-2025.07.10-00000002.jpg\" alt=\"\" width=\"751\" height=\"500\" srcset=\"http:\/\/biztonsagosveszprem.hu\/wp-content\/uploads\/2025\/07\/kabszer-vadas-2025.07.10-00000002.jpg 751w, http:\/\/biztonsagosveszprem.hu\/wp-content\/uploads\/2025\/07\/kabszer-vadas-2025.07.10-00000002-300x200.jpg 300w\" sizes=\"(max-width: 751px) 100vw, 751px\" \/><\/a><\/p>\n<p>Egy veszpr\u00e9mi t\u00e1rsash\u00e1zban terjeng\u0151 er\u0151s marihu\u00e1naszag miatt h\u00edvt\u00e1k ki a rend\u0151r\u00f6ket 2024. december 19-\u00e9n a lak\u00f3k. A lak\u00e1sban v\u00e9gzett kutat\u00e1s sor\u00e1n a k\u00e1b\u00edt\u00f3szergyan\u00fas n\u00f6v\u00e9nyi anyagmaradv\u00e1nyt, valamint a fogyaszt\u00e1shoz haszn\u00e1lt pip\u00e1kat foglaltak le a nyomoz\u00f3k. A lak\u00e1st b\u00e9rl\u0151 21 \u00e9ves n\u0151t \u00e9s 29 \u00e9ves f\u00e9rfit ezut\u00e1n el\u0151\u00e1ll\u00edtott\u00e1k mintav\u00e9telre. A szak\u00e9rt\u0151i v\u00e9lem\u00e9ny alapj\u00e1n szervezet\u00fckben THC jelenl\u00e9t\u00e9t mutatt\u00e1k ki, amely cannabis fogyaszt\u00e1s\u00e1ra utal \u00e9s k\u00e1b\u00edt\u00f3szernek min\u0151s\u00fcl. A nyomoz\u00f3k mindk\u00e9t szem\u00e9lyt k\u00e1b\u00edt\u00f3szer birtokl\u00e1sa v\u00e9ts\u00e9g miatt gyan\u00fas\u00edtottk\u00e9nt kihallgatt\u00e1k.<\/p>\n<p>A Veszpr\u00e9mi Rend\u0151rkapit\u00e1nys\u00e1g munkat\u00e1rsai az \u00fcgy vizsg\u00e1lat\u00e1t befejezt\u00e9k, \u00e9s az iratokat v\u00e1demel\u00e9si javaslattal k\u00fcldt\u00e9k meg az \u00fcgy\u00e9szs\u00e9gnek.<\/p>\n","protected":false},"excerpt":{"rendered":"<p>A Veszpr\u00e9mi Rend\u0151rkapit\u00e1nys\u00e1g befejezte a fiatal p\u00e1rral szemben k\u00e1b\u00edt\u00f3szer-birtokl\u00e1s miatt folytatott elj\u00e1r\u00e1st. Egy veszpr\u00e9mi t\u00e1rsash\u00e1zban terjeng\u0151 er\u0151s marihu\u00e1naszag miatt h\u00edvt\u00e1k ki a rend\u0151r\u00f6ket 2024. december 19-\u00e9n a lak\u00f3k. A lak\u00e1sban v\u00e9gzett kutat\u00e1s sor\u00e1n a k\u00e1b\u00edt\u00f3szergyan\u00fas n\u00f6v\u00e9nyi anyagmaradv\u00e1nyt, valamint a fogyaszt\u00e1shoz &hellip; <a href=\"http:\/\/biztonsagosveszprem.hu\/?p=20729\">Egy kattint\u00e1s ide a folytat\u00e1shoz&#8230;. <span class=\"meta-nav\">&rarr;<\/span><\/a><\/p>\n","protected":false},"author":1,"featured_media":0,"comment_status":"closed","ping_status":"open","sticky":false,"template":"","format":"standard","meta":[],"categories":[4,3],"tags":[],"_links":{"self":[{"href":"http:\/\/biztonsagosveszprem.hu\/index.php?rest_route=\/wp\/v2\/posts\/20729"}],"collection":[{"href":"http:\/\/biztonsagosveszprem.hu\/index.php?rest_route=\/wp\/v2\/posts"}],"about":[{"href":"http:\/\/biztonsagosveszprem.hu\/index.php?rest_route=\/wp\/v2\/types\/post"}],"author":[{"embeddable":true,"href":"http:\/\/biztonsagosveszprem.hu\/index.php?rest_route=\/wp\/v2\/users\/1"}],"replies":[{"embeddable":true,"href":"http:\/\/biztonsagosveszprem.hu\/index.php?rest_route=%2Fwp%2Fv2%2Fcomments&post=20729"}],"version-history":[{"count":1,"href":"http:\/\/biztonsagosveszprem.hu\/index.php?rest_route=\/wp\/v2\/posts\/20729\/revisions"}],"predecessor-version":[{"id":20731,"href":"http:\/\/biztonsagosveszprem.hu\/index.php?rest_route=\/wp\/v2\/posts\/20729\/revisions\/20731"}],"wp:attachment":[{"href":"http:\/\/biztonsagosveszprem.hu\/index.php?rest_route=%2Fwp%2Fv2%2Fmedia&parent=20729"}],"wp:term":[{"taxonomy":"category","embeddable":true,"href":"http:\/\/biztonsagosveszprem.hu\/index.php?rest_route=%2Fwp%2Fv2%2Fcategories&post=20729"},{"taxonomy":"post_tag","embeddable":true,"href":"http:\/\/biztonsagosveszprem.hu\/index.php?rest_route=%2Fwp%2Fv2%2Ftags&post=20729"}],"curies":[{"name":"wp","href":"https:\/\/api.w.org\/{rel}","templated":true}]}}