{"id":20726,"date":"2025-07-07T13:25:24","date_gmt":"2025-07-07T12:25:24","guid":{"rendered":"http:\/\/biztonsagosveszprem.hu\/?p=20726"},"modified":"2025-07-07T13:25:24","modified_gmt":"2025-07-07T12:25:24","slug":"kitette-az-autobol-a-kutyat","status":"publish","type":"post","link":"http:\/\/biztonsagosveszprem.hu\/?p=20726","title":{"rendered":"Kitette az aut\u00f3b\u00f3l a kuty\u00e1t"},"content":{"rendered":"<p><strong>\u00c1llatk\u00ednz\u00e1s miatt kihallgatt\u00e1k a f\u00e9rfit.\u00a0<\/strong><\/p>\n<p><a href=\"http:\/\/biztonsagosveszprem.hu\/wp-content\/uploads\/2025\/07\/mudi-2025.07.07.jpg\"><img loading=\"lazy\" class=\"aligncenter size-full wp-image-20727\" src=\"http:\/\/biztonsagosveszprem.hu\/wp-content\/uploads\/2025\/07\/mudi-2025.07.07.jpg\" alt=\"\" width=\"751\" height=\"500\" srcset=\"http:\/\/biztonsagosveszprem.hu\/wp-content\/uploads\/2025\/07\/mudi-2025.07.07.jpg 751w, http:\/\/biztonsagosveszprem.hu\/wp-content\/uploads\/2025\/07\/mudi-2025.07.07-300x200.jpg 300w\" sizes=\"(max-width: 751px) 100vw, 751px\" \/><\/a><\/p>\n<p>Az \u00e1llatv\u00e9d\u0151k tettek feljelent\u00e9st j\u00falius 4-\u00e9n, mert valaki \u00e9lelem \u00e9s v\u00edz n\u00e9lk\u00fcl hagyott egy kuty\u00e1t az \u00fat mellett. A mudi jelleg\u0171 ebre egy fiatalember figyelt fel, amikor Szentkir\u00e1lyszabadja hat\u00e1r\u00e1ban egy szem\u00e9lyg\u00e9pkocsib\u00f3l azt kitett\u00e9k \u00e9s a sof\u0151r elhajtott.<\/p>\n<p>A kuty\u00e1t az Olt-Alom \u00c1llatv\u00e9d\u0151 Egyes\u00fclet a gondoz\u00e1s\u00e1ba vette.<\/p>\n<p>A veszpr\u00e9mi nyomoz\u00f3k k\u00e9s\u0151 d\u00e9lut\u00e1n elfogt\u00e1k az 59 \u00e9ves balatonkenesei f\u00e9rfit, akit kihallgattak.<\/p>\n<p>Ellene \u00e1llatk\u00ednz\u00e1s miatt folyik nyomoz\u00e1s.<\/p>\n","protected":false},"excerpt":{"rendered":"<p>\u00c1llatk\u00ednz\u00e1s miatt kihallgatt\u00e1k a f\u00e9rfit.\u00a0 Az \u00e1llatv\u00e9d\u0151k tettek feljelent\u00e9st j\u00falius 4-\u00e9n, mert valaki \u00e9lelem \u00e9s v\u00edz n\u00e9lk\u00fcl hagyott egy kuty\u00e1t az \u00fat mellett. A mudi jelleg\u0171 ebre egy fiatalember figyelt fel, amikor Szentkir\u00e1lyszabadja hat\u00e1r\u00e1ban egy szem\u00e9lyg\u00e9pkocsib\u00f3l azt kitett\u00e9k \u00e9s a &hellip; <a href=\"http:\/\/biztonsagosveszprem.hu\/?p=20726\">Egy kattint\u00e1s ide a folytat\u00e1shoz&#8230;. <span class=\"meta-nav\">&rarr;<\/span><\/a><\/p>\n","protected":false},"author":1,"featured_media":0,"comment_status":"closed","ping_status":"open","sticky":false,"template":"","format":"standard","meta":[],"categories":[4,3],"tags":[],"_links":{"self":[{"href":"http:\/\/biztonsagosveszprem.hu\/index.php?rest_route=\/wp\/v2\/posts\/20726"}],"collection":[{"href":"http:\/\/biztonsagosveszprem.hu\/index.php?rest_route=\/wp\/v2\/posts"}],"about":[{"href":"http:\/\/biztonsagosveszprem.hu\/index.php?rest_route=\/wp\/v2\/types\/post"}],"author":[{"embeddable":true,"href":"http:\/\/biztonsagosveszprem.hu\/index.php?rest_route=\/wp\/v2\/users\/1"}],"replies":[{"embeddable":true,"href":"http:\/\/biztonsagosveszprem.hu\/index.php?rest_route=%2Fwp%2Fv2%2Fcomments&post=20726"}],"version-history":[{"count":1,"href":"http:\/\/biztonsagosveszprem.hu\/index.php?rest_route=\/wp\/v2\/posts\/20726\/revisions"}],"predecessor-version":[{"id":20728,"href":"http:\/\/biztonsagosveszprem.hu\/index.php?rest_route=\/wp\/v2\/posts\/20726\/revisions\/20728"}],"wp:attachment":[{"href":"http:\/\/biztonsagosveszprem.hu\/index.php?rest_route=%2Fwp%2Fv2%2Fmedia&parent=20726"}],"wp:term":[{"taxonomy":"category","embeddable":true,"href":"http:\/\/biztonsagosveszprem.hu\/index.php?rest_route=%2Fwp%2Fv2%2Fcategories&post=20726"},{"taxonomy":"post_tag","embeddable":true,"href":"http:\/\/biztonsagosveszprem.hu\/index.php?rest_route=%2Fwp%2Fv2%2Ftags&post=20726"}],"curies":[{"name":"wp","href":"https:\/\/api.w.org\/{rel}","templated":true}]}}