{"id":20724,"date":"2025-07-07T08:34:06","date_gmt":"2025-07-07T07:34:06","guid":{"rendered":"http:\/\/biztonsagosveszprem.hu\/?p=20724"},"modified":"2025-07-07T08:34:06","modified_gmt":"2025-07-07T07:34:06","slug":"kozlekedes-biztonsagi-osszefoglalo-6","status":"publish","type":"post","link":"http:\/\/biztonsagosveszprem.hu\/?p=20724","title":{"rendered":"K\u00f6zleked\u00e9s-biztons\u00e1gi \u00f6sszefoglal\u00f3"},"content":{"rendered":"<p style=\"text-align: center;\"><strong>2025. j\u00falius 7.<\/strong><\/p>\n<p>A Veszpr\u00e9mi Rend\u0151rkapit\u00e1nys\u00e1g illet\u00e9kess\u00e9gi ter\u00fclet\u00e9n 2025. j\u00fanius 30-\u00e1n 0 \u00f3r\u00e1t\u00f3l j\u00falius 06-\u00e9n 24 \u00f3r\u00e1ig 4 szem\u00e9lyi s\u00e9r\u00fcl\u00e9ssel j\u00e1r\u00f3 k\u00f6z\u00fati k\u00f6zleked\u00e9si baleset t\u00f6rt\u00e9nt. Egy s\u00falyos s\u00e9r\u00fcl\u00e9ses k\u00f6z\u00fati k\u00f6zleked\u00e9si balesetben 1 szem\u00e9ly s\u00e9r\u00fclt meg s\u00falyosan. H\u00e1rom k\u00f6nny\u0171 s\u00e9r\u00fcl\u00e9ses k\u00f6z\u00fati k\u00f6zleked\u00e9si balesetben kilenc szem\u00e9ly s\u00e9r\u00fclt meg k\u00f6nnyebben. A veszpr\u00e9mi rend\u0151r\u00f6k 11 anyagi k\u00e1rral v\u00e9gz\u0151d\u0151 k\u00f6z\u00fati k\u00f6zleked\u00e9si baleset helysz\u00edn\u00e9n int\u00e9zkedtek. Az el\u0151z\u0151 \u00e9v ezen id\u0151szak\u00e1ban kett\u0151 s\u00falyos s\u00e9r\u00fcl\u00e9ses, valamint kett\u0151 k\u00f6nny\u0171 s\u00e9r\u00fcl\u00e9ses k\u00f6z\u00fati k\u00f6zleked\u00e9si baleset t\u00f6rt\u00e9nt. El\u0151z\u0151 \u00e9v ezen id\u0151szak\u00e1ban \u00f6t anyagi k\u00e1rral v\u00e9gz\u0151d\u0151 balesetn\u00e9l kellett int\u00e9zkedn\u00fcnk.<\/p>\n<p>2024.06.30. &#8211; 2024.07.06.<\/p>\n<ul>\n<li>Hal\u00e1los 0<\/li>\n<li>S\u00falyos 2<\/li>\n<li>K\u00f6nny\u0171 2<\/li>\n<\/ul>\n<p>2025.06.30. &#8211; 2025.07.06.<\/p>\n<ul>\n<li>Hal\u00e1los 0<\/li>\n<li>S\u00falyos 1<\/li>\n<li>K\u00f6nny\u0171 3<\/li>\n<\/ul>\n<p><u>Balesetek megoszl\u00e1sa KRESZ szab\u00e1lyszeg\u00e9s szerint:<\/u><\/p>\n<p>1 esetben: az \u00fattest bal oldal\u00e1nak szab\u00e1lytalan ig\u00e9nybev\u00e9tele<br \/>\n1 esetben: els\u0151bbs\u00e9g meg nem ad\u00e1sa k\u00f6z\u00fati jelz\u0151t\u00e1bla utas\u00edt\u00e1sa ellen\u00e9re<br \/>\n1 esetben: el\u0151z\u00e9s szab\u00e1lyainak be nem tart\u00e1sa<br \/>\n1 esetben. figyelmetlen, gondatlan vezet\u00e9s<\/p>\n<p><strong>Az \u00faton maradni z\u00e1porban, viharban kiv\u00e1rni<\/strong> a vihar v\u00e9g\u00e9t.<\/p>\n<p>Szinte egyik \u00f3r\u00e1r\u00f3l a m\u00e1sikra alakulnak ki er\u0151s zivatarok, viharok, k\u00f6vetve a k\u00e1nikulai naps\u00fct\u00e9st.\u00a0Mindez amellett, hogy jelent\u0151sen ig\u00e9nybe veszi az emberi szervezetet, \u00faj feladatokat ad a k\u00f6zleked\u0151knek is. M\u00edg az egyik \u00f3r\u00e1ban az er\u0151s h\u0151s\u00e9g b\u00e1gyaszt,\u00a0a napf\u00e9ny f\u00e1rasztja a szemet &#8211; ami mind lass\u00edtja a reakci\u00f3id\u0151t &#8211; hirtelen j\u00f6n egy nagy nyom\u00e1s\u00fa, p\u00e1ratel\u00edtett l\u00e9gt\u00f6meg, amely k\u00f6zvetlen\u00fcl megel\u0151zi a vihar kit\u00f6r\u00e9s\u00e9t. Ennek az \u00e9lettani hat\u00e1sa ism\u00e9t lass\u00edt\u00f3, b\u00e1gyaszt\u00f3, fejf\u00e1j\u00e1st kelt\u0151. Teh\u00e1t csupa olyan folyamat j\u00e1tsz\u00f3dik le, amely rontja a vezet\u00e9si k\u00e9pess\u00e9get. Az er\u0151s sz\u00e9l, a nagy mennyis\u00e9g\u0171, hirtelen lez\u00fadul\u00f3 csapad\u00e9k t\u00f6rmel\u00e9keket, fa\u00e1gakat sodorhat az \u00fatp\u00e1ly\u00e1ra. A v\u00edz\u00e1tfoly\u00e1sok n\u00f6velik a fel\u00fasz\u00e1s vesz\u00e9ly\u00e9t, amely a tapad\u00e1s elveszt\u00e9s\u00e9vel j\u00e1r: ekkor a kocsi ir\u00e1ny\u00edthatatlann\u00e1 v\u00e1lik. A sebess\u00e9get m\u00e9rs\u00e9kelni kell arra a szintre, amit a megv\u00e1ltozott k\u00f6rnyezeti viszonyok engednek ker\u00fclve a hirtelen ir\u00e1nyv\u00e1lt\u00e1st, f\u00e9kez\u00e9st, gyors\u00edt\u00e1st. Nagyon fontos, hogy ha valaki \u00fagy \u00e9rzi, hogy a vihar olyan k\u00f6r\u00fclm\u00e9nyeket teremtett, amelyben nem k\u00e9pes a j\u00e1rm\u0171v\u00e9t biztons\u00e1ggal vezetni, akkor ink\u00e1bb \u00e1lljon meg egy parkol\u00f3ban, benzink\u00faton. Els\u0151 a biztons\u00e1g.<\/p>\n<p><strong>\u201e\u2026hogy mindenki haza\u00e9rjen!\u201d<\/strong><\/p>\n","protected":false},"excerpt":{"rendered":"<p>2025. j\u00falius 7. A Veszpr\u00e9mi Rend\u0151rkapit\u00e1nys\u00e1g illet\u00e9kess\u00e9gi ter\u00fclet\u00e9n 2025. j\u00fanius 30-\u00e1n 0 \u00f3r\u00e1t\u00f3l j\u00falius 06-\u00e9n 24 \u00f3r\u00e1ig 4 szem\u00e9lyi s\u00e9r\u00fcl\u00e9ssel j\u00e1r\u00f3 k\u00f6z\u00fati k\u00f6zleked\u00e9si baleset t\u00f6rt\u00e9nt. Egy s\u00falyos s\u00e9r\u00fcl\u00e9ses k\u00f6z\u00fati k\u00f6zleked\u00e9si balesetben 1 szem\u00e9ly s\u00e9r\u00fclt meg s\u00falyosan. H\u00e1rom k\u00f6nny\u0171 s\u00e9r\u00fcl\u00e9ses k\u00f6z\u00fati &hellip; <a href=\"http:\/\/biztonsagosveszprem.hu\/?p=20724\">Egy kattint\u00e1s ide a folytat\u00e1shoz&#8230;. <span class=\"meta-nav\">&rarr;<\/span><\/a><\/p>\n","protected":false},"author":1,"featured_media":0,"comment_status":"closed","ping_status":"open","sticky":false,"template":"","format":"standard","meta":[],"categories":[4,3],"tags":[],"_links":{"self":[{"href":"http:\/\/biztonsagosveszprem.hu\/index.php?rest_route=\/wp\/v2\/posts\/20724"}],"collection":[{"href":"http:\/\/biztonsagosveszprem.hu\/index.php?rest_route=\/wp\/v2\/posts"}],"about":[{"href":"http:\/\/biztonsagosveszprem.hu\/index.php?rest_route=\/wp\/v2\/types\/post"}],"author":[{"embeddable":true,"href":"http:\/\/biztonsagosveszprem.hu\/index.php?rest_route=\/wp\/v2\/users\/1"}],"replies":[{"embeddable":true,"href":"http:\/\/biztonsagosveszprem.hu\/index.php?rest_route=%2Fwp%2Fv2%2Fcomments&post=20724"}],"version-history":[{"count":1,"href":"http:\/\/biztonsagosveszprem.hu\/index.php?rest_route=\/wp\/v2\/posts\/20724\/revisions"}],"predecessor-version":[{"id":20725,"href":"http:\/\/biztonsagosveszprem.hu\/index.php?rest_route=\/wp\/v2\/posts\/20724\/revisions\/20725"}],"wp:attachment":[{"href":"http:\/\/biztonsagosveszprem.hu\/index.php?rest_route=%2Fwp%2Fv2%2Fmedia&parent=20724"}],"wp:term":[{"taxonomy":"category","embeddable":true,"href":"http:\/\/biztonsagosveszprem.hu\/index.php?rest_route=%2Fwp%2Fv2%2Fcategories&post=20724"},{"taxonomy":"post_tag","embeddable":true,"href":"http:\/\/biztonsagosveszprem.hu\/index.php?rest_route=%2Fwp%2Fv2%2Ftags&post=20724"}],"curies":[{"name":"wp","href":"https:\/\/api.w.org\/{rel}","templated":true}]}}