{"id":20721,"date":"2025-07-04T08:02:19","date_gmt":"2025-07-04T07:02:19","guid":{"rendered":"http:\/\/biztonsagosveszprem.hu\/?p=20721"},"modified":"2025-07-04T08:02:19","modified_gmt":"2025-07-04T07:02:19","slug":"eltevedt-kamionos-rongalta-meg-a-szobor-talapzatat","status":"publish","type":"post","link":"http:\/\/biztonsagosveszprem.hu\/?p=20721","title":{"rendered":"Elt\u00e9vedt kamionos rong\u00e1lta meg a szobor talapzat\u00e1t"},"content":{"rendered":"<p><strong>A rend\u0151r\u00f6k el\u0151\u00e1ll\u00edtott\u00e1k a mintegy hatsz\u00e1z ezer forintos k\u00e1rt okoz\u00f3 sof\u0151rt.<\/strong><\/p>\n<p><a href=\"http:\/\/biztonsagosveszprem.hu\/wp-content\/uploads\/2025\/07\/szbor.jpg\"><img loading=\"lazy\" class=\"aligncenter size-full wp-image-20722\" src=\"http:\/\/biztonsagosveszprem.hu\/wp-content\/uploads\/2025\/07\/szbor.jpg\" alt=\"\" width=\"751\" height=\"500\" srcset=\"http:\/\/biztonsagosveszprem.hu\/wp-content\/uploads\/2025\/07\/szbor.jpg 751w, http:\/\/biztonsagosveszprem.hu\/wp-content\/uploads\/2025\/07\/szbor-300x200.jpg 300w\" sizes=\"(max-width: 751px) 100vw, 751px\" \/><\/a><\/p>\n<div class=\"body-text\">\n<p>Veszpr\u00e9m belv\u00e1ros\u00e1ba navig\u00e1lta a GPS a k\u00fclf\u00f6ldi kamionost j\u00falius 3-\u00e1n reggel. A sof\u0151r a Szabads\u00e1g t\u00e9ren megpr\u00f3b\u00e1lt megfordulni, \u00e1m a sz\u0171k helyen v\u00e9gzett man\u0151verrel r\u00e1hajtott a Milleniumi eml\u00e9km\u0171 talapzat\u00e1ra, valamint a k\u0151b\u0151l k\u00e9sz\u00fclt, f\u00e9lg\u00f6mb alak\u00fa forgalomelv\u00e1laszt\u00f3 elemekre, mintegy hatsz\u00e1z ezer forintos k\u00e1rt okozva.<\/p>\n<p>A Veszpr\u00e9mi Rend\u0151rkapit\u00e1nys\u00e1g baleseti helysz\u00ednel\u0151i a telep\u00fcl\u00e9s egyik forgalmas \u00fatj\u00e1n meg\u00e1ll\u00edtott\u00e1k \u00e9s int\u00e9zked\u00e9s al\u00e1 vont\u00e1k a \u2013 m\u00e9g mindig sz\u00e1ll\u00edt\u00e1si c\u00edmet keres\u0151 \u2013 k\u00fclf\u00f6ldi sorf\u0151rt. El\u0151\u00e1ll\u00edtott\u00e1k \u00e9s szab\u00e1lys\u00e9rt\u00e9si elj\u00e1r\u00e1st folytattak ellen.<\/p>\n<\/div>\n","protected":false},"excerpt":{"rendered":"<p>A rend\u0151r\u00f6k el\u0151\u00e1ll\u00edtott\u00e1k a mintegy hatsz\u00e1z ezer forintos k\u00e1rt okoz\u00f3 sof\u0151rt. Veszpr\u00e9m belv\u00e1ros\u00e1ba navig\u00e1lta a GPS a k\u00fclf\u00f6ldi kamionost j\u00falius 3-\u00e1n reggel. A sof\u0151r a Szabads\u00e1g t\u00e9ren megpr\u00f3b\u00e1lt megfordulni, \u00e1m a sz\u0171k helyen v\u00e9gzett man\u0151verrel r\u00e1hajtott a Milleniumi eml\u00e9km\u0171 talapzat\u00e1ra, &hellip; <a href=\"http:\/\/biztonsagosveszprem.hu\/?p=20721\">Egy kattint\u00e1s ide a folytat\u00e1shoz&#8230;. <span class=\"meta-nav\">&rarr;<\/span><\/a><\/p>\n","protected":false},"author":1,"featured_media":0,"comment_status":"closed","ping_status":"open","sticky":false,"template":"","format":"standard","meta":[],"categories":[4,3],"tags":[],"_links":{"self":[{"href":"http:\/\/biztonsagosveszprem.hu\/index.php?rest_route=\/wp\/v2\/posts\/20721"}],"collection":[{"href":"http:\/\/biztonsagosveszprem.hu\/index.php?rest_route=\/wp\/v2\/posts"}],"about":[{"href":"http:\/\/biztonsagosveszprem.hu\/index.php?rest_route=\/wp\/v2\/types\/post"}],"author":[{"embeddable":true,"href":"http:\/\/biztonsagosveszprem.hu\/index.php?rest_route=\/wp\/v2\/users\/1"}],"replies":[{"embeddable":true,"href":"http:\/\/biztonsagosveszprem.hu\/index.php?rest_route=%2Fwp%2Fv2%2Fcomments&post=20721"}],"version-history":[{"count":1,"href":"http:\/\/biztonsagosveszprem.hu\/index.php?rest_route=\/wp\/v2\/posts\/20721\/revisions"}],"predecessor-version":[{"id":20723,"href":"http:\/\/biztonsagosveszprem.hu\/index.php?rest_route=\/wp\/v2\/posts\/20721\/revisions\/20723"}],"wp:attachment":[{"href":"http:\/\/biztonsagosveszprem.hu\/index.php?rest_route=%2Fwp%2Fv2%2Fmedia&parent=20721"}],"wp:term":[{"taxonomy":"category","embeddable":true,"href":"http:\/\/biztonsagosveszprem.hu\/index.php?rest_route=%2Fwp%2Fv2%2Fcategories&post=20721"},{"taxonomy":"post_tag","embeddable":true,"href":"http:\/\/biztonsagosveszprem.hu\/index.php?rest_route=%2Fwp%2Fv2%2Ftags&post=20721"}],"curies":[{"name":"wp","href":"https:\/\/api.w.org\/{rel}","templated":true}]}}