{"id":20718,"date":"2025-07-03T08:05:25","date_gmt":"2025-07-03T07:05:25","guid":{"rendered":"http:\/\/biztonsagosveszprem.hu\/?p=20718"},"modified":"2025-07-03T08:05:25","modified_gmt":"2025-07-03T07:05:25","slug":"graffitizes-kozben-ertek-tetten-a-fiatalokat","status":"publish","type":"post","link":"http:\/\/biztonsagosveszprem.hu\/?p=20718","title":{"rendered":"Graffitiz\u00e9s k\u00f6zben \u00e9rt\u00e9k tetten a fiatalokat"},"content":{"rendered":"<p><strong>Futva pr\u00f3b\u00e1ltak menek\u00fclni a rong\u00e1l\u00f3k.<\/strong><\/p>\n<p><a href=\"http:\/\/biztonsagosveszprem.hu\/wp-content\/uploads\/2025\/07\/rongalas-Csermak-2025.07.02.jpg\"><img loading=\"lazy\" class=\"aligncenter size-full wp-image-20719\" src=\"http:\/\/biztonsagosveszprem.hu\/wp-content\/uploads\/2025\/07\/rongalas-Csermak-2025.07.02.jpg\" alt=\"\" width=\"751\" height=\"500\" srcset=\"http:\/\/biztonsagosveszprem.hu\/wp-content\/uploads\/2025\/07\/rongalas-Csermak-2025.07.02.jpg 751w, http:\/\/biztonsagosveszprem.hu\/wp-content\/uploads\/2025\/07\/rongalas-Csermak-2025.07.02-300x200.jpg 300w\" sizes=\"(max-width: 751px) 100vw, 751px\" \/><\/a><\/p>\n<p>Bejelent\u00e9s \u00e9rkezett m\u00e1jus 31-\u00e9n \u00e9jjel 1 \u00f3rakor, hogy k\u00e9t fiatal \u00e1br\u00e1kat festett az egyik veszpr\u00e9mi lak\u00f3telep betonfal\u00e1ra fest\u00e9ksz\u00f3r\u00f3val.<br \/>\nA graffitiz\u0151 fiatalok &#8211; amint megl\u00e1tt\u00e1k a j\u00e1r\u0151r\u00f6ket &#8211; eldobt\u00e1k a flakonokat \u00e9s elfutottak. A fiatal fi\u00fak k\u00fcl\u00f6n v\u00e1lva, fut\u00e1snak eredtek, de a rend\u0151r\u00f6k utol\u00e9rt\u00e9k, \u00e9s elfogt\u00e1k \u0151ket.<br \/>\nA 17 \u00e9ves budapesti \u00e9s a 19 \u00e9ves veszpr\u00e9mi lakosokat rong\u00e1l\u00e1s miatt kihallgatt\u00e1k a nyomoz\u00f3k.<\/p>\n<p>Az ellen\u00fck folytatott nyomoz\u00e1st a Veszpr\u00e9mi Rend\u0151rkapit\u00e1nys\u00e1g befejezte, az iratokat az \u00fcgy\u00e9szs\u00e9gnek megk\u00fcldte.<\/p>\n","protected":false},"excerpt":{"rendered":"<p>Futva pr\u00f3b\u00e1ltak menek\u00fclni a rong\u00e1l\u00f3k. Bejelent\u00e9s \u00e9rkezett m\u00e1jus 31-\u00e9n \u00e9jjel 1 \u00f3rakor, hogy k\u00e9t fiatal \u00e1br\u00e1kat festett az egyik veszpr\u00e9mi lak\u00f3telep betonfal\u00e1ra fest\u00e9ksz\u00f3r\u00f3val. A graffitiz\u0151 fiatalok &#8211; amint megl\u00e1tt\u00e1k a j\u00e1r\u0151r\u00f6ket &#8211; eldobt\u00e1k a flakonokat \u00e9s elfutottak. A fiatal fi\u00fak &hellip; <a href=\"http:\/\/biztonsagosveszprem.hu\/?p=20718\">Egy kattint\u00e1s ide a folytat\u00e1shoz&#8230;. <span class=\"meta-nav\">&rarr;<\/span><\/a><\/p>\n","protected":false},"author":1,"featured_media":0,"comment_status":"closed","ping_status":"open","sticky":false,"template":"","format":"standard","meta":[],"categories":[4,3],"tags":[],"_links":{"self":[{"href":"http:\/\/biztonsagosveszprem.hu\/index.php?rest_route=\/wp\/v2\/posts\/20718"}],"collection":[{"href":"http:\/\/biztonsagosveszprem.hu\/index.php?rest_route=\/wp\/v2\/posts"}],"about":[{"href":"http:\/\/biztonsagosveszprem.hu\/index.php?rest_route=\/wp\/v2\/types\/post"}],"author":[{"embeddable":true,"href":"http:\/\/biztonsagosveszprem.hu\/index.php?rest_route=\/wp\/v2\/users\/1"}],"replies":[{"embeddable":true,"href":"http:\/\/biztonsagosveszprem.hu\/index.php?rest_route=%2Fwp%2Fv2%2Fcomments&post=20718"}],"version-history":[{"count":1,"href":"http:\/\/biztonsagosveszprem.hu\/index.php?rest_route=\/wp\/v2\/posts\/20718\/revisions"}],"predecessor-version":[{"id":20720,"href":"http:\/\/biztonsagosveszprem.hu\/index.php?rest_route=\/wp\/v2\/posts\/20718\/revisions\/20720"}],"wp:attachment":[{"href":"http:\/\/biztonsagosveszprem.hu\/index.php?rest_route=%2Fwp%2Fv2%2Fmedia&parent=20718"}],"wp:term":[{"taxonomy":"category","embeddable":true,"href":"http:\/\/biztonsagosveszprem.hu\/index.php?rest_route=%2Fwp%2Fv2%2Fcategories&post=20718"},{"taxonomy":"post_tag","embeddable":true,"href":"http:\/\/biztonsagosveszprem.hu\/index.php?rest_route=%2Fwp%2Fv2%2Ftags&post=20718"}],"curies":[{"name":"wp","href":"https:\/\/api.w.org\/{rel}","templated":true}]}}