{"id":20712,"date":"2025-07-02T04:25:19","date_gmt":"2025-07-02T03:25:19","guid":{"rendered":"http:\/\/biztonsagosveszprem.hu\/?p=20712"},"modified":"2025-07-02T04:25:19","modified_gmt":"2025-07-02T03:25:19","slug":"kellett-nekik-egy-baseballsapka","status":"publish","type":"post","link":"http:\/\/biztonsagosveszprem.hu\/?p=20712","title":{"rendered":"Kellett nekik egy baseballsapka"},"content":{"rendered":"<p><strong>A Veszpr\u00e9mi Rend\u0151rkapit\u00e1nys\u00e1g kezdem\u00e9nyezte mindh\u00e1rom fiatal letart\u00f3ztat\u00e1s\u00e1t.<\/strong><\/p>\n<p><a href=\"http:\/\/biztonsagosveszprem.hu\/wp-content\/uploads\/2025\/07\/sapka_6.jpg\"><img loading=\"lazy\" class=\"aligncenter size-full wp-image-20713\" src=\"http:\/\/biztonsagosveszprem.hu\/wp-content\/uploads\/2025\/07\/sapka_6.jpg\" alt=\"\" width=\"751\" height=\"500\" srcset=\"http:\/\/biztonsagosveszprem.hu\/wp-content\/uploads\/2025\/07\/sapka_6.jpg 751w, http:\/\/biztonsagosveszprem.hu\/wp-content\/uploads\/2025\/07\/sapka_6-300x200.jpg 300w\" sizes=\"(max-width: 751px) 100vw, 751px\" \/><\/a><\/p>\n<p>Csoportosan elk\u00f6vetett rabl\u00e1s megalapozott gyan\u00faja miatt folytat elj\u00e1r\u00e1st a Veszpr\u00e9mi Rend\u0151rkapit\u00e1nys\u00e1g h\u00e1rom fiatalemberrel szemben. Az elk\u00f6vet\u0151k j\u00fanius 27-\u00e9n este egy fi\u00fa baseballsapk\u00e1j\u00e1t akart\u00e1k megszerezni a v\u00e1rosban. K\u00f6rbevett\u00e9k \u00e9s szidalmazt\u00e1k, majd sz\u00f3v\u00e1lt\u00e1st k\u00f6vet\u0151en elvett\u00e9k t\u0151le a sapk\u00e1t, \u00e9s elszaladtak. A s\u00e9rtett ut\u00e1nuk futott, k\u00e9rd\u0151re vonta \u0151ket, mire a fiatalok megfenyegett\u00e9k \u00e9s l\u00f6kd\u00f6sni kezdt\u00e9k.<\/p>\n<p>A rend\u0151r\u00f6k bejelent\u00e9st k\u00f6vet\u0151 egy \u00f3r\u00e1n bel\u00fcl elfogt\u00e1k a tetteseket a buszp\u00e1lyaudvaron, majd el\u0151\u00e1ll\u00edtott\u00e1k \u00e9s \u2013 \u0151rizetbe v\u00e9tel\u00fck mellett \u2013 gyan\u00fas\u00edtottk\u00e9nt hallgatt\u00e1k ki \u0151ket.<\/p>\n<p>A nyomoz\u00f3k kezdem\u00e9nyezt\u00e9k a 20 \u00e9ves ajkai, a 21 \u00e9ves dudari \u00e9s a 20 \u00e9ves veszpr\u00e9mi fiatal letart\u00f3ztat\u00e1s\u00e1t.<\/p>\n","protected":false},"excerpt":{"rendered":"<p>A Veszpr\u00e9mi Rend\u0151rkapit\u00e1nys\u00e1g kezdem\u00e9nyezte mindh\u00e1rom fiatal letart\u00f3ztat\u00e1s\u00e1t. Csoportosan elk\u00f6vetett rabl\u00e1s megalapozott gyan\u00faja miatt folytat elj\u00e1r\u00e1st a Veszpr\u00e9mi Rend\u0151rkapit\u00e1nys\u00e1g h\u00e1rom fiatalemberrel szemben. Az elk\u00f6vet\u0151k j\u00fanius 27-\u00e9n este egy fi\u00fa baseballsapk\u00e1j\u00e1t akart\u00e1k megszerezni a v\u00e1rosban. K\u00f6rbevett\u00e9k \u00e9s szidalmazt\u00e1k, majd sz\u00f3v\u00e1lt\u00e1st k\u00f6vet\u0151en elvett\u00e9k &hellip; <a href=\"http:\/\/biztonsagosveszprem.hu\/?p=20712\">Egy kattint\u00e1s ide a folytat\u00e1shoz&#8230;. <span class=\"meta-nav\">&rarr;<\/span><\/a><\/p>\n","protected":false},"author":1,"featured_media":0,"comment_status":"closed","ping_status":"open","sticky":false,"template":"","format":"standard","meta":[],"categories":[4,3],"tags":[],"_links":{"self":[{"href":"http:\/\/biztonsagosveszprem.hu\/index.php?rest_route=\/wp\/v2\/posts\/20712"}],"collection":[{"href":"http:\/\/biztonsagosveszprem.hu\/index.php?rest_route=\/wp\/v2\/posts"}],"about":[{"href":"http:\/\/biztonsagosveszprem.hu\/index.php?rest_route=\/wp\/v2\/types\/post"}],"author":[{"embeddable":true,"href":"http:\/\/biztonsagosveszprem.hu\/index.php?rest_route=\/wp\/v2\/users\/1"}],"replies":[{"embeddable":true,"href":"http:\/\/biztonsagosveszprem.hu\/index.php?rest_route=%2Fwp%2Fv2%2Fcomments&post=20712"}],"version-history":[{"count":1,"href":"http:\/\/biztonsagosveszprem.hu\/index.php?rest_route=\/wp\/v2\/posts\/20712\/revisions"}],"predecessor-version":[{"id":20714,"href":"http:\/\/biztonsagosveszprem.hu\/index.php?rest_route=\/wp\/v2\/posts\/20712\/revisions\/20714"}],"wp:attachment":[{"href":"http:\/\/biztonsagosveszprem.hu\/index.php?rest_route=%2Fwp%2Fv2%2Fmedia&parent=20712"}],"wp:term":[{"taxonomy":"category","embeddable":true,"href":"http:\/\/biztonsagosveszprem.hu\/index.php?rest_route=%2Fwp%2Fv2%2Fcategories&post=20712"},{"taxonomy":"post_tag","embeddable":true,"href":"http:\/\/biztonsagosveszprem.hu\/index.php?rest_route=%2Fwp%2Fv2%2Ftags&post=20712"}],"curies":[{"name":"wp","href":"https:\/\/api.w.org\/{rel}","templated":true}]}}