{"id":20709,"date":"2025-06-30T16:12:30","date_gmt":"2025-06-30T15:12:30","guid":{"rendered":"http:\/\/biztonsagosveszprem.hu\/?p=20709"},"modified":"2025-06-30T16:12:30","modified_gmt":"2025-06-30T15:12:30","slug":"kiskoru-veszelyeztetese-miatt-is-koroztek","status":"publish","type":"post","link":"http:\/\/biztonsagosveszprem.hu\/?p=20709","title":{"rendered":"KISKOR\u00da VESZ\u00c9LYEZTET\u00c9SE MIATT IS K\u00d6R\u00d6ZT\u00c9K"},"content":{"rendered":"<p><strong>Szolg\u00e1laton k\u00edv\u00fcli rend\u0151r jelz\u00e9se alapj\u00e1n fogt\u00e1k el a keresett f\u00e9rfit.<\/strong><\/p>\n<p><img loading=\"lazy\" class=\"aligncenter size-full wp-image-20710\" src=\"http:\/\/biztonsagosveszprem.hu\/wp-content\/uploads\/2025\/06\/04_332_16.jpg\" alt=\"\" width=\"751\" height=\"500\" srcset=\"http:\/\/biztonsagosveszprem.hu\/wp-content\/uploads\/2025\/06\/04_332_16.jpg 751w, http:\/\/biztonsagosveszprem.hu\/wp-content\/uploads\/2025\/06\/04_332_16-300x200.jpg 300w\" sizes=\"(max-width: 751px) 100vw, 751px\" \/>Veszpr\u00e9mben egy 38 \u00e9ves helybeli f\u00e9rfi ittasan felpofozta volt \u00e9lett\u00e1rs\u00e1t egy parkos ter\u00fcleten, majd a nyak\u00e1t szorongatta j\u00fanius 20-\u00e1n kora este. A b\u00e1ntalmaz\u00e1snak k\u00f6z\u00f6s gyermekeik is szemtan\u00fai voltak. Az elk\u00f6vet\u0151vel szemben k\u00f6nny\u0171 testi s\u00e9rt\u00e9s, valamint kiskor\u00fa vesz\u00e9lyeztet\u00e9se miatt indult elj\u00e1r\u00e1s, \u00e9s a Veszpr\u00e9mi Rend\u0151rkapit\u00e1nys\u00e1g elfogat\u00f3parancsot bocs\u00e1tott ki vele szemben. A k\u00f6r\u00f6z\u00f6ttet egy szolg\u00e1laton k\u00edv\u00fcli rend\u0151r ismerte fel j\u00fanius 28-\u00e1n Balatonf\u0171zf\u0151n, \u00e9s \u00e9rtes\u00edtette koll\u00e9g\u00e1it, akik elfogt\u00e1k. Ezut\u00e1n el\u0151\u00e1ll\u00edtott\u00e1k a f\u00e9rfit, \u0151rizetbe v\u00e9tele mellett gyan\u00fas\u00edtottk\u00e9nt hallgatt\u00e1k ki, \u00e9s kezdem\u00e9nyezt\u00e9k letart\u00f3ztat\u00e1s\u00e1t.<\/p>\n","protected":false},"excerpt":{"rendered":"<p>Szolg\u00e1laton k\u00edv\u00fcli rend\u0151r jelz\u00e9se alapj\u00e1n fogt\u00e1k el a keresett f\u00e9rfit. Veszpr\u00e9mben egy 38 \u00e9ves helybeli f\u00e9rfi ittasan felpofozta volt \u00e9lett\u00e1rs\u00e1t egy parkos ter\u00fcleten, majd a nyak\u00e1t szorongatta j\u00fanius 20-\u00e1n kora este. A b\u00e1ntalmaz\u00e1snak k\u00f6z\u00f6s gyermekeik is szemtan\u00fai voltak. Az elk\u00f6vet\u0151vel &hellip; <a href=\"http:\/\/biztonsagosveszprem.hu\/?p=20709\">Egy kattint\u00e1s ide a folytat\u00e1shoz&#8230;. <span class=\"meta-nav\">&rarr;<\/span><\/a><\/p>\n","protected":false},"author":1,"featured_media":0,"comment_status":"closed","ping_status":"open","sticky":false,"template":"","format":"standard","meta":[],"categories":[4,3],"tags":[],"_links":{"self":[{"href":"http:\/\/biztonsagosveszprem.hu\/index.php?rest_route=\/wp\/v2\/posts\/20709"}],"collection":[{"href":"http:\/\/biztonsagosveszprem.hu\/index.php?rest_route=\/wp\/v2\/posts"}],"about":[{"href":"http:\/\/biztonsagosveszprem.hu\/index.php?rest_route=\/wp\/v2\/types\/post"}],"author":[{"embeddable":true,"href":"http:\/\/biztonsagosveszprem.hu\/index.php?rest_route=\/wp\/v2\/users\/1"}],"replies":[{"embeddable":true,"href":"http:\/\/biztonsagosveszprem.hu\/index.php?rest_route=%2Fwp%2Fv2%2Fcomments&post=20709"}],"version-history":[{"count":1,"href":"http:\/\/biztonsagosveszprem.hu\/index.php?rest_route=\/wp\/v2\/posts\/20709\/revisions"}],"predecessor-version":[{"id":20711,"href":"http:\/\/biztonsagosveszprem.hu\/index.php?rest_route=\/wp\/v2\/posts\/20709\/revisions\/20711"}],"wp:attachment":[{"href":"http:\/\/biztonsagosveszprem.hu\/index.php?rest_route=%2Fwp%2Fv2%2Fmedia&parent=20709"}],"wp:term":[{"taxonomy":"category","embeddable":true,"href":"http:\/\/biztonsagosveszprem.hu\/index.php?rest_route=%2Fwp%2Fv2%2Fcategories&post=20709"},{"taxonomy":"post_tag","embeddable":true,"href":"http:\/\/biztonsagosveszprem.hu\/index.php?rest_route=%2Fwp%2Fv2%2Ftags&post=20709"}],"curies":[{"name":"wp","href":"https:\/\/api.w.org\/{rel}","templated":true}]}}