{"id":20704,"date":"2025-06-30T10:57:06","date_gmt":"2025-06-30T09:57:06","guid":{"rendered":"http:\/\/biztonsagosveszprem.hu\/?p=20704"},"modified":"2025-06-30T10:57:06","modified_gmt":"2025-06-30T09:57:06","slug":"kozlekedes-biztonsagi-osszeallitas-2","status":"publish","type":"post","link":"http:\/\/biztonsagosveszprem.hu\/?p=20704","title":{"rendered":"K\u00f6zleked\u00e9s-biztons\u00e1gi \u00f6ssze\u00e1ll\u00edt\u00e1s"},"content":{"rendered":"<p style=\"text-align: center;\"><strong>2025. j\u00fanius 30.<\/strong><\/p>\n<p>A Veszpr\u00e9mi Rend\u0151rkapit\u00e1nys\u00e1g illet\u00e9kess\u00e9gi ter\u00fclet\u00e9n 2025. j\u00fanius 23-\u00e1n 0 \u00f3r\u00e1t\u00f3l j\u00fanius 29-\u00e9n 24 \u00f3r\u00e1ig 6 szem\u00e9lyi s\u00e9r\u00fcl\u00e9ssel j\u00e1r\u00f3 k\u00f6z\u00fati k\u00f6zleked\u00e9si baleset t\u00f6rt\u00e9nt H\u00e1rom s\u00falyos s\u00e9r\u00fcl\u00e9ses k\u00f6z\u00fati k\u00f6zleked\u00e9si balesetben 3 szem\u00e9ly s\u00falyosan, 4 szem\u00e9ly pedig k\u00f6nnyebben s\u00e9r\u00fclt meg. H\u00e1rom k\u00f6nny\u0171 s\u00e9r\u00fcl\u00e9ses k\u00f6z\u00fati k\u00f6zleked\u00e9si balesetben h\u00e1rom szem\u00e9ly s\u00e9r\u00fclt meg k\u00f6nnyebben. A veszpr\u00e9mi rend\u0151r\u00f6k 10 anyagi k\u00e1rral v\u00e9gz\u0151d\u0151 k\u00f6z\u00fati k\u00f6zleked\u00e9si baleset helysz\u00edn\u00e9n int\u00e9zkedtek. Az el\u0151z\u0151 \u00e9v ezen id\u0151szak\u00e1ban kett\u0151 s\u00falyos s\u00e9r\u00fcl\u00e9ses, valamint h\u00e9t k\u00f6nny\u0171 s\u00e9r\u00fcl\u00e9ses k\u00f6z\u00fati k\u00f6zleked\u00e9si baleset t\u00f6rt\u00e9nt. El\u0151z\u0151 \u00e9v ezen id\u0151szak\u00e1ban kilenc anyagi k\u00e1rral v\u00e9gz\u0151d\u0151 balesetn\u00e9l kellett int\u00e9zkedn\u00fcnk.<\/p>\n<p>2024.06.23. &#8211; 2024.06.29.<\/p>\n<ul>\n<li>Hal\u00e1los 0<\/li>\n<li>S\u00falyos 2<\/li>\n<li>K\u00f6nny\u0171 7<\/li>\n<\/ul>\n<p>2025.06.23. &#8211; 2025.06.29.<\/p>\n<ul>\n<li>Hal\u00e1los 0<\/li>\n<li>S\u00falyos 3<\/li>\n<li>K\u00f6nny\u0171 3<\/li>\n<\/ul>\n<p><u>Balesetek megoszl\u00e1sa KRESZ szab\u00e1lyszeg\u00e9s szerint:<\/u><\/p>\n<p>3 esetben: sebess\u00e9g nem megfelel\u0151 alkalmaz\u00e1sa<\/p>\n<p>2 esetben: els\u0151bbs\u00e9g meg nem ad\u00e1sa k\u00f6z\u00fati jelz\u0151t\u00e1bla utas\u00edt\u00e1sa ellen\u00e9re<\/p>\n<p>1 esetben: el\u0151z\u00e9s szab\u00e1lyainak be nem tart\u00e1sa<\/p>\n<p><strong>Ne hagyd az aut\u00f3ban!<\/strong><\/p>\n<p>A napokban Veszpr\u00e9m sz\u00edv\u00e9ben j\u00e1r\u00f3kel\u0151k figyeltek fel egy ugat\u00f3 kutyusra, akit egy lez\u00e1rt aut\u00f3ban hagytak a d\u00e9lel\u0151tti forr\u00f3s\u00e1gban. Az ablak r\u00e9snyire nyitva volt \u2013 de ez semmire sem el\u00e9g, ha az aut\u00f3ban a h\u0151m\u00e9rs\u00e9klet percek alatt el\u00e9rheti a 60-70 \u00b0C-ot!\u00a0 Veszpr\u00e9mi rend\u0151r\u00f6k azonnal a helysz\u00ednre siettek, \u00e9s int\u00e9zkedtek: kiszabad\u00edtott\u00e1k a kis\u00e1llatot, akinek szerencs\u00e9re m\u00e9g nem esett baja.<\/p>\n<p>Mint k\u00e9s\u0151bb kider\u00fclt a gazda \u201ecsak p\u00e1r percre\u201d, hagyta ott,\u00a0 de egy aut\u00f3ban hagyott \u00e9let \u2013 perceken m\u00falhat. A tanuls\u00e1g: a \u201ecsak p\u00e1r perc\u201d egy \u00e1llat sz\u00e1m\u00e1ra v\u00e9gzetes lehet. A nap ereje hirtelen v\u00e1lik hal\u00e1loss\u00e1, \u00e9s az aut\u00f3 z\u00e1rt tere \u00fcvegh\u00e1zz\u00e1 v\u00e1ltozik. A l\u00e9gz\u00e9s, a kering\u00e9s, a testh\u0151szab\u00e1lyoz\u00e1s p\u00e1r perc alatt \u00f6sszeomolhat!<\/p>\n<p>K\u00e9rj\u00fck, soha ne hagyd mag\u00e1ra kedvencedet a z\u00e1rt aut\u00f3ban! Akkor sem, ha \u00e1rny\u00e9kban \u00e1llsz. Akkor sem, ha leh\u00fazod az ablakot. Akkor sem, ha sietsz.<\/p>\n<p>Az \u00e1llatok\u00e9rt mi is felel\u0151sek vagyunk. Ha a forr\u00f3s\u00e1gban az aut\u00f3ban maradt \u00e1llatot l\u00e1tsz, h\u00edvd a 112-t!<\/p>\n","protected":false},"excerpt":{"rendered":"<p>2025. j\u00fanius 30. A Veszpr\u00e9mi Rend\u0151rkapit\u00e1nys\u00e1g illet\u00e9kess\u00e9gi ter\u00fclet\u00e9n 2025. j\u00fanius 23-\u00e1n 0 \u00f3r\u00e1t\u00f3l j\u00fanius 29-\u00e9n 24 \u00f3r\u00e1ig 6 szem\u00e9lyi s\u00e9r\u00fcl\u00e9ssel j\u00e1r\u00f3 k\u00f6z\u00fati k\u00f6zleked\u00e9si baleset t\u00f6rt\u00e9nt H\u00e1rom s\u00falyos s\u00e9r\u00fcl\u00e9ses k\u00f6z\u00fati k\u00f6zleked\u00e9si balesetben 3 szem\u00e9ly s\u00falyosan, 4 szem\u00e9ly pedig k\u00f6nnyebben s\u00e9r\u00fclt meg. &hellip; <a href=\"http:\/\/biztonsagosveszprem.hu\/?p=20704\">Egy kattint\u00e1s ide a folytat\u00e1shoz&#8230;. <span class=\"meta-nav\">&rarr;<\/span><\/a><\/p>\n","protected":false},"author":1,"featured_media":0,"comment_status":"closed","ping_status":"open","sticky":false,"template":"","format":"standard","meta":[],"categories":[4,3],"tags":[],"_links":{"self":[{"href":"http:\/\/biztonsagosveszprem.hu\/index.php?rest_route=\/wp\/v2\/posts\/20704"}],"collection":[{"href":"http:\/\/biztonsagosveszprem.hu\/index.php?rest_route=\/wp\/v2\/posts"}],"about":[{"href":"http:\/\/biztonsagosveszprem.hu\/index.php?rest_route=\/wp\/v2\/types\/post"}],"author":[{"embeddable":true,"href":"http:\/\/biztonsagosveszprem.hu\/index.php?rest_route=\/wp\/v2\/users\/1"}],"replies":[{"embeddable":true,"href":"http:\/\/biztonsagosveszprem.hu\/index.php?rest_route=%2Fwp%2Fv2%2Fcomments&post=20704"}],"version-history":[{"count":1,"href":"http:\/\/biztonsagosveszprem.hu\/index.php?rest_route=\/wp\/v2\/posts\/20704\/revisions"}],"predecessor-version":[{"id":20705,"href":"http:\/\/biztonsagosveszprem.hu\/index.php?rest_route=\/wp\/v2\/posts\/20704\/revisions\/20705"}],"wp:attachment":[{"href":"http:\/\/biztonsagosveszprem.hu\/index.php?rest_route=%2Fwp%2Fv2%2Fmedia&parent=20704"}],"wp:term":[{"taxonomy":"category","embeddable":true,"href":"http:\/\/biztonsagosveszprem.hu\/index.php?rest_route=%2Fwp%2Fv2%2Fcategories&post=20704"},{"taxonomy":"post_tag","embeddable":true,"href":"http:\/\/biztonsagosveszprem.hu\/index.php?rest_route=%2Fwp%2Fv2%2Ftags&post=20704"}],"curies":[{"name":"wp","href":"https:\/\/api.w.org\/{rel}","templated":true}]}}