{"id":20701,"date":"2025-06-30T10:54:27","date_gmt":"2025-06-30T09:54:27","guid":{"rendered":"http:\/\/biztonsagosveszprem.hu\/?p=20701"},"modified":"2025-06-30T10:54:27","modified_gmt":"2025-06-30T09:54:27","slug":"bantalmazta-csaladjat","status":"publish","type":"post","link":"http:\/\/biztonsagosveszprem.hu\/?p=20701","title":{"rendered":"B\u00e1ntalmazta csal\u00e1dj\u00e1t"},"content":{"rendered":"<p><strong>A veszpr\u00e9mi rend\u0151r\u00f6k gyan\u00fas\u00edtottk\u00e9nt hallgatt\u00e1k ki az 56 \u00e9ves k\u00fclf\u00f6ldi f\u00e9rfit, \u00e9s kezdem\u00e9nyezt\u00e9k t\u00e1voltart\u00e1s\u00e1t.<\/strong><\/p>\n<p><a href=\"http:\/\/biztonsagosveszprem.hu\/wp-content\/uploads\/2025\/06\/veszpremi-kapcsolati-eroszak1.jpg\"><img loading=\"lazy\" class=\"aligncenter size-full wp-image-20702\" src=\"http:\/\/biztonsagosveszprem.hu\/wp-content\/uploads\/2025\/06\/veszpremi-kapcsolati-eroszak1.jpg\" alt=\"\" width=\"751\" height=\"500\" srcset=\"http:\/\/biztonsagosveszprem.hu\/wp-content\/uploads\/2025\/06\/veszpremi-kapcsolati-eroszak1.jpg 751w, http:\/\/biztonsagosveszprem.hu\/wp-content\/uploads\/2025\/06\/veszpremi-kapcsolati-eroszak1-300x200.jpg 300w\" sizes=\"(max-width: 751px) 100vw, 751px\" \/><\/a><\/p>\n<p>Egy csal\u00e1don bel\u00fcli er\u0151szak \u00e1ldozata k\u00e9rt seg\u00edts\u00e9get a rend\u0151rs\u00e9gt\u0151l 2025. j\u00fanius 25-\u00e9n d\u00e9lut\u00e1n. A bejelent\u0151 elmondta, hogy 56 \u00e9ves f\u00e9rje 2025 \u00e1prilis\u00e1t\u00f3l verb\u00e1lisan \u00e9s fizikailag is b\u00e1ntalmazta \u0151t, valamint 17 \u00e9ves l\u00e1nyukat. A f\u00e9rfi tr\u00e1g\u00e1r szavakkal illette \u0151ket, valamint t\u00f6bbsz\u00f6r fenyeget\u0151z\u00f6tt azzal, hogy lel\u00f6ki \u0151ket az erk\u00e9lyr\u0151l. A f\u00e9rfi k\u00e9s\u0151bb a fizikai b\u00e1ntalmaz\u00e1sokt\u00f3l sem riadt vissza.<\/p>\n<p>Az elk\u00f6vet\u0151t a rend\u0151r\u00f6k elfogt\u00e1k, majd t\u00f6bbrendbeli s\u00falyos testi s\u00e9rt\u00e9s \u00e9s kapcsolati er\u0151szak b\u0171ntett megalapozott gyan\u00faja miatt kihallgatt\u00e1k, majd \u0151rizetbe vett\u00e9k \u00e9s el\u0151terjeszt\u00e9st tettek az illet\u00e9kes \u00fcgy\u00e9szs\u00e9gen a f\u00e9rfi t\u00e1voltart\u00e1s\u00e1nak ind\u00edtv\u00e1nyoz\u00e1s\u00e1ra.<\/p>\n","protected":false},"excerpt":{"rendered":"<p>A veszpr\u00e9mi rend\u0151r\u00f6k gyan\u00fas\u00edtottk\u00e9nt hallgatt\u00e1k ki az 56 \u00e9ves k\u00fclf\u00f6ldi f\u00e9rfit, \u00e9s kezdem\u00e9nyezt\u00e9k t\u00e1voltart\u00e1s\u00e1t. Egy csal\u00e1don bel\u00fcli er\u0151szak \u00e1ldozata k\u00e9rt seg\u00edts\u00e9get a rend\u0151rs\u00e9gt\u0151l 2025. j\u00fanius 25-\u00e9n d\u00e9lut\u00e1n. A bejelent\u0151 elmondta, hogy 56 \u00e9ves f\u00e9rje 2025 \u00e1prilis\u00e1t\u00f3l verb\u00e1lisan \u00e9s fizikailag is &hellip; <a href=\"http:\/\/biztonsagosveszprem.hu\/?p=20701\">Egy kattint\u00e1s ide a folytat\u00e1shoz&#8230;. <span class=\"meta-nav\">&rarr;<\/span><\/a><\/p>\n","protected":false},"author":1,"featured_media":0,"comment_status":"closed","ping_status":"open","sticky":false,"template":"","format":"standard","meta":[],"categories":[4,3],"tags":[],"_links":{"self":[{"href":"http:\/\/biztonsagosveszprem.hu\/index.php?rest_route=\/wp\/v2\/posts\/20701"}],"collection":[{"href":"http:\/\/biztonsagosveszprem.hu\/index.php?rest_route=\/wp\/v2\/posts"}],"about":[{"href":"http:\/\/biztonsagosveszprem.hu\/index.php?rest_route=\/wp\/v2\/types\/post"}],"author":[{"embeddable":true,"href":"http:\/\/biztonsagosveszprem.hu\/index.php?rest_route=\/wp\/v2\/users\/1"}],"replies":[{"embeddable":true,"href":"http:\/\/biztonsagosveszprem.hu\/index.php?rest_route=%2Fwp%2Fv2%2Fcomments&post=20701"}],"version-history":[{"count":1,"href":"http:\/\/biztonsagosveszprem.hu\/index.php?rest_route=\/wp\/v2\/posts\/20701\/revisions"}],"predecessor-version":[{"id":20703,"href":"http:\/\/biztonsagosveszprem.hu\/index.php?rest_route=\/wp\/v2\/posts\/20701\/revisions\/20703"}],"wp:attachment":[{"href":"http:\/\/biztonsagosveszprem.hu\/index.php?rest_route=%2Fwp%2Fv2%2Fmedia&parent=20701"}],"wp:term":[{"taxonomy":"category","embeddable":true,"href":"http:\/\/biztonsagosveszprem.hu\/index.php?rest_route=%2Fwp%2Fv2%2Fcategories&post=20701"},{"taxonomy":"post_tag","embeddable":true,"href":"http:\/\/biztonsagosveszprem.hu\/index.php?rest_route=%2Fwp%2Fv2%2Ftags&post=20701"}],"curies":[{"name":"wp","href":"https:\/\/api.w.org\/{rel}","templated":true}]}}