{"id":20697,"date":"2025-06-25T08:05:37","date_gmt":"2025-06-25T07:05:37","guid":{"rendered":"http:\/\/biztonsagosveszprem.hu\/?p=20697"},"modified":"2025-06-25T08:05:37","modified_gmt":"2025-06-25T07:05:37","slug":"ismetelten-megszegte-a-tavoltartast","status":"publish","type":"post","link":"http:\/\/biztonsagosveszprem.hu\/?p=20697","title":{"rendered":"Ism\u00e9telten megszegte a t\u00e1voltart\u00e1st"},"content":{"rendered":"<p><strong>A rend\u0151rs\u00e9g kezdem\u00e9nyezte a f\u00e9rfi letart\u00f3ztat\u00e1s\u00e1t.<\/strong><\/p>\n<p><a href=\"http:\/\/biztonsagosveszprem.hu\/wp-content\/uploads\/2025\/06\/IMG-79be349475e1e18c4f1cae7a3bb9be5d-V_3.jpg\"><img loading=\"lazy\" class=\"aligncenter size-full wp-image-20698\" src=\"http:\/\/biztonsagosveszprem.hu\/wp-content\/uploads\/2025\/06\/IMG-79be349475e1e18c4f1cae7a3bb9be5d-V_3.jpg\" alt=\"\" width=\"751\" height=\"500\" srcset=\"http:\/\/biztonsagosveszprem.hu\/wp-content\/uploads\/2025\/06\/IMG-79be349475e1e18c4f1cae7a3bb9be5d-V_3.jpg 751w, http:\/\/biztonsagosveszprem.hu\/wp-content\/uploads\/2025\/06\/IMG-79be349475e1e18c4f1cae7a3bb9be5d-V_3-300x200.jpg 300w\" sizes=\"(max-width: 751px) 100vw, 751px\" \/><\/a><\/p>\n<p>Egy bakonyi k\u00f6zs\u00e9gr\u0151l \u00e9rkezett bejelent\u00e9s j\u00fanius 18-\u00e1n este, hogy egy f\u00e9rfi b\u00e1ntalmazta a feles\u00e9g\u00e9t. Az int\u00e9zked\u00e9s sor\u00e1n kider\u00fclt, hogy a 36 \u00e9ves f\u00e9rfi ellen m\u00e1r folyik b\u0171ntet\u0151elj\u00e1r\u00e1s kapcsolat er\u0151szak, zaklat\u00e1s \u00e9s kiskor\u00fa vesz\u00e9lyeztet\u00e9se miatt is, \u00e9s a b\u00edr\u00f3s\u00e1g elrendelte a t\u00e1voltart\u00e1st. Ennek ellen\u00e9re a f\u00e9rj megjelent a n\u0151 h\u00e1z\u00e1n\u00e1l, vitatkozni kezdtek,\u00a0ami tettlegess\u00e9gig fajult.<\/p>\n<p>A j\u00e1r\u0151r\u00f6k elfogt\u00e1k a bakonyi f\u00e9rfit \u00e9s \u2013 \u0151rizetbe v\u00e9tele mellett \u2013 kihallgatt\u00e1k, majd kezdem\u00e9nyezt\u00e9k a letart\u00f3ztat\u00e1s\u00e1t.<\/p>\n","protected":false},"excerpt":{"rendered":"<p>A rend\u0151rs\u00e9g kezdem\u00e9nyezte a f\u00e9rfi letart\u00f3ztat\u00e1s\u00e1t. Egy bakonyi k\u00f6zs\u00e9gr\u0151l \u00e9rkezett bejelent\u00e9s j\u00fanius 18-\u00e1n este, hogy egy f\u00e9rfi b\u00e1ntalmazta a feles\u00e9g\u00e9t. Az int\u00e9zked\u00e9s sor\u00e1n kider\u00fclt, hogy a 36 \u00e9ves f\u00e9rfi ellen m\u00e1r folyik b\u0171ntet\u0151elj\u00e1r\u00e1s kapcsolat er\u0151szak, zaklat\u00e1s \u00e9s kiskor\u00fa vesz\u00e9lyeztet\u00e9se miatt &hellip; <a href=\"http:\/\/biztonsagosveszprem.hu\/?p=20697\">Egy kattint\u00e1s ide a folytat\u00e1shoz&#8230;. <span class=\"meta-nav\">&rarr;<\/span><\/a><\/p>\n","protected":false},"author":1,"featured_media":0,"comment_status":"closed","ping_status":"open","sticky":false,"template":"","format":"standard","meta":[],"categories":[4,3],"tags":[],"_links":{"self":[{"href":"http:\/\/biztonsagosveszprem.hu\/index.php?rest_route=\/wp\/v2\/posts\/20697"}],"collection":[{"href":"http:\/\/biztonsagosveszprem.hu\/index.php?rest_route=\/wp\/v2\/posts"}],"about":[{"href":"http:\/\/biztonsagosveszprem.hu\/index.php?rest_route=\/wp\/v2\/types\/post"}],"author":[{"embeddable":true,"href":"http:\/\/biztonsagosveszprem.hu\/index.php?rest_route=\/wp\/v2\/users\/1"}],"replies":[{"embeddable":true,"href":"http:\/\/biztonsagosveszprem.hu\/index.php?rest_route=%2Fwp%2Fv2%2Fcomments&post=20697"}],"version-history":[{"count":1,"href":"http:\/\/biztonsagosveszprem.hu\/index.php?rest_route=\/wp\/v2\/posts\/20697\/revisions"}],"predecessor-version":[{"id":20699,"href":"http:\/\/biztonsagosveszprem.hu\/index.php?rest_route=\/wp\/v2\/posts\/20697\/revisions\/20699"}],"wp:attachment":[{"href":"http:\/\/biztonsagosveszprem.hu\/index.php?rest_route=%2Fwp%2Fv2%2Fmedia&parent=20697"}],"wp:term":[{"taxonomy":"category","embeddable":true,"href":"http:\/\/biztonsagosveszprem.hu\/index.php?rest_route=%2Fwp%2Fv2%2Fcategories&post=20697"},{"taxonomy":"post_tag","embeddable":true,"href":"http:\/\/biztonsagosveszprem.hu\/index.php?rest_route=%2Fwp%2Fv2%2Ftags&post=20697"}],"curies":[{"name":"wp","href":"https:\/\/api.w.org\/{rel}","templated":true}]}}