{"id":20694,"date":"2025-06-23T12:42:25","date_gmt":"2025-06-23T11:42:25","guid":{"rendered":"http:\/\/biztonsagosveszprem.hu\/?p=20694"},"modified":"2025-06-23T12:42:25","modified_gmt":"2025-06-23T11:42:25","slug":"dada-orak-a-nyari-szunet-biztonsagaert","status":"publish","type":"post","link":"http:\/\/biztonsagosveszprem.hu\/?p=20694","title":{"rendered":"DADA \u00f3r\u00e1k a ny\u00e1ri sz\u00fcnet biztons\u00e1g\u00e1\u00e9rt"},"content":{"rendered":"<p><strong>A tan\u00e9v utols\u00f3 DADA \u00f3r\u00e1j\u00e1n a Veszpr\u00e9mi Rend\u0151rkapit\u00e1nys\u00e1g b\u0171nmegel\u0151z\u00e9si el\u0151ad\u00f3i a ny\u00e1r vesz\u00e9lyeire h\u00edvt\u00e1k fel a kisiskol\u00e1sok figyelm\u00e9t.<\/strong><\/p>\n<p><a href=\"http:\/\/biztonsagosveszprem.hu\/wp-content\/uploads\/2025\/06\/Dada-2025.jpg\"><img loading=\"lazy\" class=\"aligncenter size-full wp-image-20695\" src=\"http:\/\/biztonsagosveszprem.hu\/wp-content\/uploads\/2025\/06\/Dada-2025.jpg\" alt=\"\" width=\"751\" height=\"500\" srcset=\"http:\/\/biztonsagosveszprem.hu\/wp-content\/uploads\/2025\/06\/Dada-2025.jpg 751w, http:\/\/biztonsagosveszprem.hu\/wp-content\/uploads\/2025\/06\/Dada-2025-300x200.jpg 300w\" sizes=\"(max-width: 751px) 100vw, 751px\" \/><\/a><\/p>\n<p>A\u00a0\u00a0Veszpr\u00e9mi B\u00e1thory Istv\u00e1n Sportiskolai \u00c1ltal\u00e1nos Iskola 4. b \u00e9s 4. c oszt\u00e1lya, valamint a Hriszto Botev N\u00e9met Nemzetis\u00e9gi Nyelvoktat\u00f3 \u00c1ltal\u00e1nos Iskola 3. b oszt\u00e1lya vett r\u00e9szt az elm\u00falt tan\u00e9vben a Magyar Rend\u0151rs\u00e9g biztons\u00e1gra nevel\u0151 iskolai programj\u00e1ban. A program c\u00e9lja, hogy a gyermekek id\u0151ben felismerj\u00e9k a vesz\u00e9lyhelyzeteket, ezeket \u00e1tgondolva felel\u0151sen tudjanak d\u00f6nt\u00e9seket hozni, hogy ne v\u00e1ljanak sem \u00e1ldozatt\u00e1, sem elk\u00f6vet\u0151v\u00e9. A DADA program eg\u00e9sz tan\u00e9vben, v\u00e1ltozatos t\u00e9m\u00e1kkal v\u00e1rta a gyerekeket a t\u00e1rsas egy\u00fctt\u00e9l\u00e9s szab\u00e1lyair\u00f3l, egym\u00e1s ir\u00e1nti toleranci\u00e1r\u00f3l, seg\u00edts\u00e9gny\u00fajt\u00e1sr\u00f3l, valamint a balesetek \u00e9s b\u0171ncselekm\u00e9nyek megel\u0151z\u00e9s\u00e9r\u0151l sz\u00f3l\u00f3 interakt\u00edv \u00f3r\u00e1kon.<\/p>\n<p>A tan\u00e9v utols\u00f3 DADA \u00f3r\u00e1j\u00e1n az el\u0151ad\u00f3k c\u00e9lzottan a v\u00edzparti \u00e9s a hegyvid\u00e9ki kir\u00e1ndul\u00e1sok biztons\u00e1g\u00e1r\u00f3l besz\u00e9lgettek a gyerekekkel \u00e9s b\u0171nmegel\u0151z\u00e9si tan\u00e1csokkal l\u00e1tt\u00e1k el a ny\u00e1ri sz\u00fcnid\u0151re a fiatalokat.<\/p>\n","protected":false},"excerpt":{"rendered":"<p>A tan\u00e9v utols\u00f3 DADA \u00f3r\u00e1j\u00e1n a Veszpr\u00e9mi Rend\u0151rkapit\u00e1nys\u00e1g b\u0171nmegel\u0151z\u00e9si el\u0151ad\u00f3i a ny\u00e1r vesz\u00e9lyeire h\u00edvt\u00e1k fel a kisiskol\u00e1sok figyelm\u00e9t. A\u00a0\u00a0Veszpr\u00e9mi B\u00e1thory Istv\u00e1n Sportiskolai \u00c1ltal\u00e1nos Iskola 4. b \u00e9s 4. c oszt\u00e1lya, valamint a Hriszto Botev N\u00e9met Nemzetis\u00e9gi Nyelvoktat\u00f3 \u00c1ltal\u00e1nos Iskola 3. &hellip; <a href=\"http:\/\/biztonsagosveszprem.hu\/?p=20694\">Egy kattint\u00e1s ide a folytat\u00e1shoz&#8230;. <span class=\"meta-nav\">&rarr;<\/span><\/a><\/p>\n","protected":false},"author":1,"featured_media":0,"comment_status":"closed","ping_status":"open","sticky":false,"template":"","format":"standard","meta":[],"categories":[4,3],"tags":[],"_links":{"self":[{"href":"http:\/\/biztonsagosveszprem.hu\/index.php?rest_route=\/wp\/v2\/posts\/20694"}],"collection":[{"href":"http:\/\/biztonsagosveszprem.hu\/index.php?rest_route=\/wp\/v2\/posts"}],"about":[{"href":"http:\/\/biztonsagosveszprem.hu\/index.php?rest_route=\/wp\/v2\/types\/post"}],"author":[{"embeddable":true,"href":"http:\/\/biztonsagosveszprem.hu\/index.php?rest_route=\/wp\/v2\/users\/1"}],"replies":[{"embeddable":true,"href":"http:\/\/biztonsagosveszprem.hu\/index.php?rest_route=%2Fwp%2Fv2%2Fcomments&post=20694"}],"version-history":[{"count":1,"href":"http:\/\/biztonsagosveszprem.hu\/index.php?rest_route=\/wp\/v2\/posts\/20694\/revisions"}],"predecessor-version":[{"id":20696,"href":"http:\/\/biztonsagosveszprem.hu\/index.php?rest_route=\/wp\/v2\/posts\/20694\/revisions\/20696"}],"wp:attachment":[{"href":"http:\/\/biztonsagosveszprem.hu\/index.php?rest_route=%2Fwp%2Fv2%2Fmedia&parent=20694"}],"wp:term":[{"taxonomy":"category","embeddable":true,"href":"http:\/\/biztonsagosveszprem.hu\/index.php?rest_route=%2Fwp%2Fv2%2Fcategories&post=20694"},{"taxonomy":"post_tag","embeddable":true,"href":"http:\/\/biztonsagosveszprem.hu\/index.php?rest_route=%2Fwp%2Fv2%2Ftags&post=20694"}],"curies":[{"name":"wp","href":"https:\/\/api.w.org\/{rel}","templated":true}]}}