{"id":20692,"date":"2025-06-23T12:40:24","date_gmt":"2025-06-23T11:40:24","guid":{"rendered":"http:\/\/biztonsagosveszprem.hu\/?p=20692"},"modified":"2025-06-23T12:40:24","modified_gmt":"2025-06-23T11:40:24","slug":"kozlekedes-biztonsagi-osszeallitas","status":"publish","type":"post","link":"http:\/\/biztonsagosveszprem.hu\/?p=20692","title":{"rendered":"K\u00f6zleked\u00e9s-biztons\u00e1gi \u00f6ssze\u00e1ll\u00edt\u00e1s"},"content":{"rendered":"<p style=\"text-align: center;\"><strong>2025. j\u00fanius 13.<\/strong><\/p>\n<p>A Veszpr\u00e9mi Rend\u0151rkapit\u00e1nys\u00e1g illet\u00e9kess\u00e9gi ter\u00fclet\u00e9n 2025. j\u00fanius 16-\u00e1n 0 \u00f3r\u00e1t\u00f3l j\u00fanius 22-\u00e9n 24 \u00f3r\u00e1ig 4 szem\u00e9lyi s\u00e9r\u00fcl\u00e9ssel j\u00e1r\u00f3 k\u00f6z\u00fati k\u00f6zleked\u00e9si baleset t\u00f6rt\u00e9nt. N\u00e9gy k\u00f6nny\u0171 s\u00e9r\u00fcl\u00e9ses k\u00f6z\u00fati k\u00f6zleked\u00e9si balesetben \u00f6t szem\u00e9ly s\u00e9r\u00fclt meg k\u00f6nnyebben. A veszpr\u00e9mi rend\u0151r\u00f6k 4 anyagi k\u00e1rral v\u00e9gz\u0151d\u0151 k\u00f6z\u00fati k\u00f6zleked\u00e9si baleset helysz\u00edn\u00e9n int\u00e9zkedtek. Az el\u0151z\u0151 \u00e9v ezen id\u0151szak\u00e1ban kett\u0151 k\u00f6nny\u0171 s\u00e9r\u00fcl\u00e9ses k\u00f6z\u00fati k\u00f6zleked\u00e9si baleset t\u00f6rt\u00e9nt. El\u0151z\u0151 \u00e9v ezen id\u0151szak\u00e1ban nyolc anyagi k\u00e1rral v\u00e9gz\u0151d\u0151 balesetn\u00e9l kellett int\u00e9zkedn\u00fcnk.<\/p>\n<p>2024.06.16. &#8211; 2024.06.22.<\/p>\n<ul>\n<li>Hal\u00e1los 0<\/li>\n<li>S\u00falyos 0<\/li>\n<li>K\u00f6nny\u0171 2<\/li>\n<\/ul>\n<p>2025.06.16. &#8211; 2025.06.22.<\/p>\n<ul>\n<li>Hal\u00e1los 0<\/li>\n<li>S\u00falyos 0<\/li>\n<li>K\u00f6nny\u0171 4<\/li>\n<\/ul>\n<p><u>Balesetek megoszl\u00e1sa KRESZ szab\u00e1lyszeg\u00e9s szerint:<\/u><br \/>\n1 esetben: sebess\u00e9g nem megfelel\u0151 alkalmaz\u00e1sa<br \/>\n2 esetben: k\u00f6vet\u00e9si t\u00e1vols\u00e1g be nem tart\u00e1sa<br \/>\n1 esetben: rosszull\u00e9t<\/p>\n<p>&nbsp;<\/p>\n<p><strong>K\u00eds\u00e9rleti program a trag\u00e9di\u00e1k megel\u0151z\u00e9se \u00e9rdek\u00e9ben<\/strong><\/p>\n<p>Magyarorsz\u00e1gon 2025-ben j\u00fanius 15-ig 26, \u00fagynevezett idegenhib\u00e1s k\u00f6z\u00fati k\u00f6zleked\u00e9si baleset t\u00f6rt\u00e9nt vas\u00fati \u00fat\u00e1tj\u00e1r\u00f3ban. A 26 balesetb\u0151l 6 hal\u00e1los kimenetel\u0171 volt, melyben 8 szem\u00e9ly vesztette \u00e9let\u00e9t, ezen k\u00edv\u00fcl 3 esem\u00e9ny v\u00e9gz\u0151d\u00f6tt szem\u00e9lyi s\u00e9r\u00fcl\u00e9ssel, amiben 3 szem\u00e9ly s\u00falyos, 7 szem\u00e9ly k\u00f6nny\u0171 s\u00e9r\u00fcl\u00e9seket szenvedett. Mindegyik \u00fat\u00e1tj\u00e1r\u00f3s baleset a KRESZ be nem tart\u00e1sa miatt k\u00f6vetkezett be, minden esetben a g\u00e9pkocsivezet\u0151 figyelmetlens\u00e9ge okozta a trag\u00e9di\u00e1kat. A balesetek sz\u00e1m\u00e1nak visszaszor\u00edt\u00e1sa mindannyiunk k\u00f6z\u00f6s \u00fcgye, amelyhez a k\u00f6zleked\u00e9si mor\u00e1l javul\u00e1sa elengedhetetlen. A M\u00c1V-csoport \u00e9s az ORFK-OBB k\u00f6z\u00f6s akci\u00f3terve alapj\u00e1n Magyarorsz\u00e1gon el\u0151sz\u00f6r a M\u00c1V vonal\u00e1n, Si\u00f3fokon, Szabadif\u00fcrd\u0151n\u00e9l l\u00e9v\u0151 vas\u00fati \u00fat\u00e1tj\u00e1r\u00f3ban \u00e9p\u00fclt ki a V\u00c9DA kamerarendszer.<\/p>\n<p>A kamer\u00e1k nemcsak a tilos jelz\u00e9sen \u00e1thalad\u00f3 j\u00e1rm\u0171veket r\u00f6gz\u00edtik, hanem a gyorshajt\u00e1st, a biztons\u00e1gi \u00f6v haszn\u00e1lat\u00e1nak elmulaszt\u00e1s\u00e1t \u00e9s soromp\u00f3rong\u00e1l\u00e1s eset\u00e9n is bizony\u00edt\u00f3 erej\u0171 felv\u00e9teleket k\u00e9sz\u00edtenek. Ez jelent\u0151sen megk\u00f6nny\u00edti a szab\u00e1lys\u00e9rt\u0151k azonos\u00edt\u00e1s\u00e1t \u00e9s a k\u00e1rt\u00e9r\u00edt\u00e9si elj\u00e1r\u00e1sok gyors\u00edt\u00e1s\u00e1t.<\/p>\n<p>(Forr\u00e1s: Police.hu)<\/p>\n","protected":false},"excerpt":{"rendered":"<p>2025. j\u00fanius 13. A Veszpr\u00e9mi Rend\u0151rkapit\u00e1nys\u00e1g illet\u00e9kess\u00e9gi ter\u00fclet\u00e9n 2025. j\u00fanius 16-\u00e1n 0 \u00f3r\u00e1t\u00f3l j\u00fanius 22-\u00e9n 24 \u00f3r\u00e1ig 4 szem\u00e9lyi s\u00e9r\u00fcl\u00e9ssel j\u00e1r\u00f3 k\u00f6z\u00fati k\u00f6zleked\u00e9si baleset t\u00f6rt\u00e9nt. N\u00e9gy k\u00f6nny\u0171 s\u00e9r\u00fcl\u00e9ses k\u00f6z\u00fati k\u00f6zleked\u00e9si balesetben \u00f6t szem\u00e9ly s\u00e9r\u00fclt meg k\u00f6nnyebben. A veszpr\u00e9mi rend\u0151r\u00f6k 4 &hellip; <a href=\"http:\/\/biztonsagosveszprem.hu\/?p=20692\">Egy kattint\u00e1s ide a folytat\u00e1shoz&#8230;. <span class=\"meta-nav\">&rarr;<\/span><\/a><\/p>\n","protected":false},"author":1,"featured_media":0,"comment_status":"closed","ping_status":"open","sticky":false,"template":"","format":"standard","meta":[],"categories":[4,3],"tags":[],"_links":{"self":[{"href":"http:\/\/biztonsagosveszprem.hu\/index.php?rest_route=\/wp\/v2\/posts\/20692"}],"collection":[{"href":"http:\/\/biztonsagosveszprem.hu\/index.php?rest_route=\/wp\/v2\/posts"}],"about":[{"href":"http:\/\/biztonsagosveszprem.hu\/index.php?rest_route=\/wp\/v2\/types\/post"}],"author":[{"embeddable":true,"href":"http:\/\/biztonsagosveszprem.hu\/index.php?rest_route=\/wp\/v2\/users\/1"}],"replies":[{"embeddable":true,"href":"http:\/\/biztonsagosveszprem.hu\/index.php?rest_route=%2Fwp%2Fv2%2Fcomments&post=20692"}],"version-history":[{"count":1,"href":"http:\/\/biztonsagosveszprem.hu\/index.php?rest_route=\/wp\/v2\/posts\/20692\/revisions"}],"predecessor-version":[{"id":20693,"href":"http:\/\/biztonsagosveszprem.hu\/index.php?rest_route=\/wp\/v2\/posts\/20692\/revisions\/20693"}],"wp:attachment":[{"href":"http:\/\/biztonsagosveszprem.hu\/index.php?rest_route=%2Fwp%2Fv2%2Fmedia&parent=20692"}],"wp:term":[{"taxonomy":"category","embeddable":true,"href":"http:\/\/biztonsagosveszprem.hu\/index.php?rest_route=%2Fwp%2Fv2%2Fcategories&post=20692"},{"taxonomy":"post_tag","embeddable":true,"href":"http:\/\/biztonsagosveszprem.hu\/index.php?rest_route=%2Fwp%2Fv2%2Ftags&post=20692"}],"curies":[{"name":"wp","href":"https:\/\/api.w.org\/{rel}","templated":true}]}}