{"id":20689,"date":"2025-06-23T12:36:41","date_gmt":"2025-06-23T11:36:41","guid":{"rendered":"http:\/\/biztonsagosveszprem.hu\/?p=20689"},"modified":"2025-06-23T12:36:41","modified_gmt":"2025-06-23T11:36:41","slug":"roma-rendor-csaladi-es-sportnap-nagyvazsonyban","status":"publish","type":"post","link":"http:\/\/biztonsagosveszprem.hu\/?p=20689","title":{"rendered":"Roma \u2013 rend\u0151r csal\u00e1di- \u00e9s sportnap Nagyv\u00e1zsonyban"},"content":{"rendered":"<div class=\"lead-text\">\n<p><strong>Id\u00e9n t\u00f3ker\u00fcl\u0151 fut\u00f3verseny sz\u00ednes\u00edtette a hatodik alakalommal megrendezett csal\u00e1di programot.<\/strong><\/p>\n<\/div>\n<p><a href=\"http:\/\/biztonsagosveszprem.hu\/wp-content\/uploads\/2025\/06\/roma-csaladi4-2025.06.20.jpg\"><img loading=\"lazy\" class=\"aligncenter size-full wp-image-20690\" src=\"http:\/\/biztonsagosveszprem.hu\/wp-content\/uploads\/2025\/06\/roma-csaladi4-2025.06.20.jpg\" alt=\"\" width=\"751\" height=\"500\" srcset=\"http:\/\/biztonsagosveszprem.hu\/wp-content\/uploads\/2025\/06\/roma-csaladi4-2025.06.20.jpg 751w, http:\/\/biztonsagosveszprem.hu\/wp-content\/uploads\/2025\/06\/roma-csaladi4-2025.06.20-300x200.jpg 300w\" sizes=\"(max-width: 751px) 100vw, 751px\" \/><\/a><\/p>\n<p>A Veszpr\u00e9mi Rend\u0151rkapit\u00e1nys\u00e1g \u00e9s a Nagyv\u00e1zsonyi Roma Nemzetis\u00e9gi \u00d6nkorm\u00e1nyzat k\u00f6z\u00f6s szervez\u00e9s\u00e9ben 2025. j\u00fanius 20-\u00e1n csal\u00e1di- \u00e9s sportnapot tartottak. Az id\u00e9n hatodik alkalommal megrendezett k\u00f6z\u00f6ss\u00e9g\u00e9p\u00edt\u0151 programnak ez alkalommal a nagyv\u00e1zsonyi Halastavi parkerd\u0151 rendezv\u00e9nyk\u00f6zpont adott otthont. A hagyom\u00e1nyos sportprogramokat id\u00e9n t\u00f3ker\u00fcl\u0151 fut\u00f3verseny sz\u00ednes\u00edtette. A helyiek sz\u00e1m\u00e1ra H\u00e1zhoz megy\u00fcnk \u00e9s Police coffee b\u0171nmegel\u0151z\u00e9si programot hirdetett a rend\u0151rkapit\u00e1nys\u00e1g, melyek keret\u00e9ben az online csal\u00e1sokr\u00f3l kaptak vagyonv\u00e9delmi t\u00e1j\u00e9koztat\u00f3t \u2013 egy cs\u00e9sze k\u00e1v\u00e9 mellett. A gyerekeknek pedig az \u00e1llatv\u00e9delem t\u00e9mak\u00f6r\u00e9ben tartottak j\u00e1t\u00e9kos foglalkoz\u00e1st a kapit\u00e1nys\u00e1g munkat\u00e1rsai. Ezen k\u00edv\u00fcl arcfest\u00e9ssel, csill\u00e1mtetk\u00f3 k\u00e9sz\u00edt\u00e9ssel, p\u00f3nilovagl\u00e1ssal, j\u00e1tsz\u00f3h\u00e1zzal \u00e9s k\u00e9zm\u0171ves foglalkoz\u00e1ssal kedveskedtek a szervez\u0151k a gyerekeknek. A program z\u00e1r\u00e1sak\u00e9nt a r\u00e9sztvev\u0151k elfogyasztott\u00e1k a k\u00f6z\u00f6sen k\u00e9sz\u00edtett bogr\u00e1csos eb\u00e9det.<\/p>\n","protected":false},"excerpt":{"rendered":"<p>Id\u00e9n t\u00f3ker\u00fcl\u0151 fut\u00f3verseny sz\u00ednes\u00edtette a hatodik alakalommal megrendezett csal\u00e1di programot. A Veszpr\u00e9mi Rend\u0151rkapit\u00e1nys\u00e1g \u00e9s a Nagyv\u00e1zsonyi Roma Nemzetis\u00e9gi \u00d6nkorm\u00e1nyzat k\u00f6z\u00f6s szervez\u00e9s\u00e9ben 2025. j\u00fanius 20-\u00e1n csal\u00e1di- \u00e9s sportnapot tartottak. Az id\u00e9n hatodik alkalommal megrendezett k\u00f6z\u00f6ss\u00e9g\u00e9p\u00edt\u0151 programnak ez alkalommal a nagyv\u00e1zsonyi Halastavi &hellip; <a href=\"http:\/\/biztonsagosveszprem.hu\/?p=20689\">Egy kattint\u00e1s ide a folytat\u00e1shoz&#8230;. <span class=\"meta-nav\">&rarr;<\/span><\/a><\/p>\n","protected":false},"author":1,"featured_media":0,"comment_status":"closed","ping_status":"open","sticky":false,"template":"","format":"standard","meta":[],"categories":[4,3],"tags":[],"_links":{"self":[{"href":"http:\/\/biztonsagosveszprem.hu\/index.php?rest_route=\/wp\/v2\/posts\/20689"}],"collection":[{"href":"http:\/\/biztonsagosveszprem.hu\/index.php?rest_route=\/wp\/v2\/posts"}],"about":[{"href":"http:\/\/biztonsagosveszprem.hu\/index.php?rest_route=\/wp\/v2\/types\/post"}],"author":[{"embeddable":true,"href":"http:\/\/biztonsagosveszprem.hu\/index.php?rest_route=\/wp\/v2\/users\/1"}],"replies":[{"embeddable":true,"href":"http:\/\/biztonsagosveszprem.hu\/index.php?rest_route=%2Fwp%2Fv2%2Fcomments&post=20689"}],"version-history":[{"count":1,"href":"http:\/\/biztonsagosveszprem.hu\/index.php?rest_route=\/wp\/v2\/posts\/20689\/revisions"}],"predecessor-version":[{"id":20691,"href":"http:\/\/biztonsagosveszprem.hu\/index.php?rest_route=\/wp\/v2\/posts\/20689\/revisions\/20691"}],"wp:attachment":[{"href":"http:\/\/biztonsagosveszprem.hu\/index.php?rest_route=%2Fwp%2Fv2%2Fmedia&parent=20689"}],"wp:term":[{"taxonomy":"category","embeddable":true,"href":"http:\/\/biztonsagosveszprem.hu\/index.php?rest_route=%2Fwp%2Fv2%2Fcategories&post=20689"},{"taxonomy":"post_tag","embeddable":true,"href":"http:\/\/biztonsagosveszprem.hu\/index.php?rest_route=%2Fwp%2Fv2%2Ftags&post=20689"}],"curies":[{"name":"wp","href":"https:\/\/api.w.org\/{rel}","templated":true}]}}