{"id":20685,"date":"2025-06-19T16:09:11","date_gmt":"2025-06-19T15:09:11","guid":{"rendered":"http:\/\/biztonsagosveszprem.hu\/?p=20685"},"modified":"2025-06-19T16:09:11","modified_gmt":"2025-06-19T15:09:11","slug":"lezart-akta-ittasan-probalt-autot-szerezni","status":"publish","type":"post","link":"http:\/\/biztonsagosveszprem.hu\/?p=20685","title":{"rendered":"LEZ\u00c1RT AKTA: ITTASAN PR\u00d3B\u00c1LT AUT\u00d3T SZEREZNI"},"content":{"rendered":"<p><strong>J\u00e1rm\u0171 \u00f6nk\u00e9nyes elv\u00e9tel\u00e9nek k\u00eds\u00e9rlete miatt indult elj\u00e1r\u00e1s egy fiatalemberrel szemben.<\/strong><\/p>\n<p><a href=\"http:\/\/biztonsagosveszprem.hu\/wp-content\/uploads\/2025\/06\/jarmu-onkenyes-2025.06.18..jpg\"><img loading=\"lazy\" class=\"aligncenter size-full wp-image-20686\" src=\"http:\/\/biztonsagosveszprem.hu\/wp-content\/uploads\/2025\/06\/jarmu-onkenyes-2025.06.18..jpg\" alt=\"\" width=\"751\" height=\"500\" srcset=\"http:\/\/biztonsagosveszprem.hu\/wp-content\/uploads\/2025\/06\/jarmu-onkenyes-2025.06.18..jpg 751w, http:\/\/biztonsagosveszprem.hu\/wp-content\/uploads\/2025\/06\/jarmu-onkenyes-2025.06.18.-300x200.jpg 300w\" sizes=\"(max-width: 751px) 100vw, 751px\" \/><\/a><\/p>\n<p>Lez\u00e1rult a nyomoz\u00e1s a Veszpr\u00e9mi Red\u0151rkapit\u00e1nys\u00e1gon azzal a f\u00e9rfival szemben, akit 2024. febru\u00e1r 23-\u00e1n \u00e9jjel fogtak el a rend\u0151r\u00f6k. A seg\u00e9lyh\u00edv\u00e1s aznap \u00e9jszaka \u00e9rkezett egy veszpr\u00e9mi c\u00e9g biztons\u00e1gi \u0151r\u00e9t\u0151l. A n\u0151 elmondta, hogy egy ittas fiatalember rugdossa a telephely el\u0151tt \u00e1ll\u00f3 aut\u00f3kat. K\u00e9t kocsit megrong\u00e1lt, az egyikbe pedig be is \u00fclt, \u00e9s a k\u00e1belk\u00f6teget kit\u00e9pve pr\u00f3b\u00e1lta beind\u00edtani. A j\u00e1r\u0151r\u00f6k elfogt\u00e1k a 19 \u00e9ves ajkai fiatalt, majd el\u0151\u00e1ll\u00edtott\u00e1k, \u00e9s \u2013 \u0151rizetbe v\u00e9tele mellett \u2013 j\u00e1rm\u0171 \u00f6nk\u00e9nyes elv\u00e9tel\u00e9nek k\u00eds\u00e9rlete miatt hallgatt\u00e1k ki. A k\u00e9t aut\u00f3ban \u00f6sszesen t\u00f6bb mint h\u00e1romsz\u00e1zezer forintos k\u00e1rt okozott.<\/p>\n<p>A Veszpr\u00e9mi Rend\u0151rkapit\u00e1nys\u00e1g befejezte a vizsg\u00e1latot, \u00e9s az iratokat v\u00e1demel\u00e9si javaslattal adta \u00e1t az \u00fcgy\u00e9szs\u00e9gnek.<\/p>\n<p><a href=\"http:\/\/biztonsagosveszprem.hu\/wp-content\/uploads\/2025\/06\/N3486193.jpg\"><img loading=\"lazy\" class=\"aligncenter size-full wp-image-20687\" src=\"http:\/\/biztonsagosveszprem.hu\/wp-content\/uploads\/2025\/06\/N3486193.jpg\" alt=\"\" width=\"748\" height=\"500\" srcset=\"http:\/\/biztonsagosveszprem.hu\/wp-content\/uploads\/2025\/06\/N3486193.jpg 748w, http:\/\/biztonsagosveszprem.hu\/wp-content\/uploads\/2025\/06\/N3486193-300x201.jpg 300w\" sizes=\"(max-width: 748px) 100vw, 748px\" \/><\/a><\/p>\n","protected":false},"excerpt":{"rendered":"<p>J\u00e1rm\u0171 \u00f6nk\u00e9nyes elv\u00e9tel\u00e9nek k\u00eds\u00e9rlete miatt indult elj\u00e1r\u00e1s egy fiatalemberrel szemben. Lez\u00e1rult a nyomoz\u00e1s a Veszpr\u00e9mi Red\u0151rkapit\u00e1nys\u00e1gon azzal a f\u00e9rfival szemben, akit 2024. febru\u00e1r 23-\u00e1n \u00e9jjel fogtak el a rend\u0151r\u00f6k. A seg\u00e9lyh\u00edv\u00e1s aznap \u00e9jszaka \u00e9rkezett egy veszpr\u00e9mi c\u00e9g biztons\u00e1gi \u0151r\u00e9t\u0151l. A &hellip; <a href=\"http:\/\/biztonsagosveszprem.hu\/?p=20685\">Egy kattint\u00e1s ide a folytat\u00e1shoz&#8230;. <span class=\"meta-nav\">&rarr;<\/span><\/a><\/p>\n","protected":false},"author":1,"featured_media":0,"comment_status":"closed","ping_status":"open","sticky":false,"template":"","format":"standard","meta":[],"categories":[4,3],"tags":[],"_links":{"self":[{"href":"http:\/\/biztonsagosveszprem.hu\/index.php?rest_route=\/wp\/v2\/posts\/20685"}],"collection":[{"href":"http:\/\/biztonsagosveszprem.hu\/index.php?rest_route=\/wp\/v2\/posts"}],"about":[{"href":"http:\/\/biztonsagosveszprem.hu\/index.php?rest_route=\/wp\/v2\/types\/post"}],"author":[{"embeddable":true,"href":"http:\/\/biztonsagosveszprem.hu\/index.php?rest_route=\/wp\/v2\/users\/1"}],"replies":[{"embeddable":true,"href":"http:\/\/biztonsagosveszprem.hu\/index.php?rest_route=%2Fwp%2Fv2%2Fcomments&post=20685"}],"version-history":[{"count":1,"href":"http:\/\/biztonsagosveszprem.hu\/index.php?rest_route=\/wp\/v2\/posts\/20685\/revisions"}],"predecessor-version":[{"id":20688,"href":"http:\/\/biztonsagosveszprem.hu\/index.php?rest_route=\/wp\/v2\/posts\/20685\/revisions\/20688"}],"wp:attachment":[{"href":"http:\/\/biztonsagosveszprem.hu\/index.php?rest_route=%2Fwp%2Fv2%2Fmedia&parent=20685"}],"wp:term":[{"taxonomy":"category","embeddable":true,"href":"http:\/\/biztonsagosveszprem.hu\/index.php?rest_route=%2Fwp%2Fv2%2Fcategories&post=20685"},{"taxonomy":"post_tag","embeddable":true,"href":"http:\/\/biztonsagosveszprem.hu\/index.php?rest_route=%2Fwp%2Fv2%2Ftags&post=20685"}],"curies":[{"name":"wp","href":"https:\/\/api.w.org\/{rel}","templated":true}]}}