{"id":20682,"date":"2025-06-19T16:04:21","date_gmt":"2025-06-19T15:04:21","guid":{"rendered":"http:\/\/biztonsagosveszprem.hu\/?p=20682"},"modified":"2025-06-19T16:04:21","modified_gmt":"2025-06-19T15:04:21","slug":"fel-evig-kovette-fogorvosat","status":"publish","type":"post","link":"http:\/\/biztonsagosveszprem.hu\/?p=20682","title":{"rendered":"F\u00c9L \u00c9VIG K\u00d6VETTE FOGORVOS\u00c1T"},"content":{"rendered":"<p><strong>Zaklat\u00e1s miatt gyan\u00fas\u00edtottk\u00e9nt hallgattak ki egy f\u00e9rfit.<\/strong><\/p>\n<p><img loading=\"lazy\" class=\"aligncenter size-full wp-image-20683\" src=\"http:\/\/biztonsagosveszprem.hu\/wp-content\/uploads\/2025\/06\/logo_87.jpg\" alt=\"\" width=\"751\" height=\"500\" srcset=\"http:\/\/biztonsagosveszprem.hu\/wp-content\/uploads\/2025\/06\/logo_87.jpg 751w, http:\/\/biztonsagosveszprem.hu\/wp-content\/uploads\/2025\/06\/logo_87-300x200.jpg 300w\" sizes=\"(max-width: 751px) 100vw, 751px\" \/>Egy n\u0151 jelentette be a rend\u0151rs\u00e9gen j\u00fanius 16-\u00e1n este, hogy egy f\u00e9rfi \u2013 akit m\u00e1r feljelentett kor\u00e1bban zaklat\u00e1s miatt \u2013, ism\u00e9t k\u00f6vette \u0151t Veszpr\u00e9m belv\u00e1ros\u00e1ban. A rend\u0151r\u00f6k n\u00e9h\u00e1ny perc alatt elfogt\u00e1k az 52 \u00e9ves ajkai f\u00e9rfit. Az elk\u00f6vet\u0151 fog\u00e1szati kezel\u00e9sre j\u00e1rt a s\u00e9rtetthez. A f\u00e9rfi tavaly december \u00f3ta t\u00f6bbsz\u00f6r megjelent a n\u0151 lak\u00f3h\u00e1z\u00e1n\u00e1l, \u00e9s levelet, k\u00e9peslapot hagyott a postal\u00e1d\u00e1j\u00e1ban. Ezenk\u00edv\u00fcl rendszeresen felt\u0171nt azon az \u00fatvonalon, amelyen a s\u00e9rtett j\u00e1r, \u00e9s k\u00f6vette, figyelte \u0151t. M\u00e1jus 10-\u00e9n m\u00e1r el\u0151\u00e1ll\u00edtott\u00e1k a f\u00e9rfit a Veszpr\u00e9mi Rend\u0151rkapit\u00e1nys\u00e1gra, \u00e9s zaklat\u00e1s miatt gyan\u00fas\u00edtottk\u00e9nt hallgatt\u00e1k ki. Ez\u00fattal a zaklat\u00f3t \u0151rizetbe is vett\u00e9k, \u00e9s a b\u00edr\u00f3s\u00e1g elrendelte a t\u00e1voltart\u00e1s\u00e1t.<\/p>\n","protected":false},"excerpt":{"rendered":"<p>Zaklat\u00e1s miatt gyan\u00fas\u00edtottk\u00e9nt hallgattak ki egy f\u00e9rfit. Egy n\u0151 jelentette be a rend\u0151rs\u00e9gen j\u00fanius 16-\u00e1n este, hogy egy f\u00e9rfi \u2013 akit m\u00e1r feljelentett kor\u00e1bban zaklat\u00e1s miatt \u2013, ism\u00e9t k\u00f6vette \u0151t Veszpr\u00e9m belv\u00e1ros\u00e1ban. A rend\u0151r\u00f6k n\u00e9h\u00e1ny perc alatt elfogt\u00e1k az 52 &hellip; <a href=\"http:\/\/biztonsagosveszprem.hu\/?p=20682\">Egy kattint\u00e1s ide a folytat\u00e1shoz&#8230;. <span class=\"meta-nav\">&rarr;<\/span><\/a><\/p>\n","protected":false},"author":1,"featured_media":0,"comment_status":"closed","ping_status":"open","sticky":false,"template":"","format":"standard","meta":[],"categories":[4,3],"tags":[],"_links":{"self":[{"href":"http:\/\/biztonsagosveszprem.hu\/index.php?rest_route=\/wp\/v2\/posts\/20682"}],"collection":[{"href":"http:\/\/biztonsagosveszprem.hu\/index.php?rest_route=\/wp\/v2\/posts"}],"about":[{"href":"http:\/\/biztonsagosveszprem.hu\/index.php?rest_route=\/wp\/v2\/types\/post"}],"author":[{"embeddable":true,"href":"http:\/\/biztonsagosveszprem.hu\/index.php?rest_route=\/wp\/v2\/users\/1"}],"replies":[{"embeddable":true,"href":"http:\/\/biztonsagosveszprem.hu\/index.php?rest_route=%2Fwp%2Fv2%2Fcomments&post=20682"}],"version-history":[{"count":1,"href":"http:\/\/biztonsagosveszprem.hu\/index.php?rest_route=\/wp\/v2\/posts\/20682\/revisions"}],"predecessor-version":[{"id":20684,"href":"http:\/\/biztonsagosveszprem.hu\/index.php?rest_route=\/wp\/v2\/posts\/20682\/revisions\/20684"}],"wp:attachment":[{"href":"http:\/\/biztonsagosveszprem.hu\/index.php?rest_route=%2Fwp%2Fv2%2Fmedia&parent=20682"}],"wp:term":[{"taxonomy":"category","embeddable":true,"href":"http:\/\/biztonsagosveszprem.hu\/index.php?rest_route=%2Fwp%2Fv2%2Fcategories&post=20682"},{"taxonomy":"post_tag","embeddable":true,"href":"http:\/\/biztonsagosveszprem.hu\/index.php?rest_route=%2Fwp%2Fv2%2Ftags&post=20682"}],"curies":[{"name":"wp","href":"https:\/\/api.w.org\/{rel}","templated":true}]}}