{"id":20673,"date":"2025-06-13T08:42:11","date_gmt":"2025-06-13T07:42:11","guid":{"rendered":"http:\/\/biztonsagosveszprem.hu\/?p=20673"},"modified":"2025-06-13T08:42:11","modified_gmt":"2025-06-13T07:42:11","slug":"racs-mogott-a-templomi-rongalo","status":"publish","type":"post","link":"http:\/\/biztonsagosveszprem.hu\/?p=20673","title":{"rendered":"R\u00e1cs m\u00f6g\u00f6tt a templomi rong\u00e1l\u00f3"},"content":{"rendered":"<div class=\"lead-text\">\n<p><strong>Nem a veszpr\u00e9mi eset az egyetlen a f\u00e9rfi rov\u00e1s\u00e1n.<\/strong><\/p>\n<\/div>\n<p><a href=\"http:\/\/biztonsagosveszprem.hu\/wp-content\/uploads\/2025\/06\/persely_3.jpg\"><img loading=\"lazy\" class=\"aligncenter size-full wp-image-20674\" src=\"http:\/\/biztonsagosveszprem.hu\/wp-content\/uploads\/2025\/06\/persely_3.jpg\" alt=\"\" width=\"751\" height=\"500\" srcset=\"http:\/\/biztonsagosveszprem.hu\/wp-content\/uploads\/2025\/06\/persely_3.jpg 751w, http:\/\/biztonsagosveszprem.hu\/wp-content\/uploads\/2025\/06\/persely_3-300x200.jpg 300w\" sizes=\"(max-width: 751px) 100vw, 751px\" \/><\/a><\/p>\n<p>Elfogt\u00e1k azt a f\u00e9rfit, aki a veszpr\u00e9mi K\u00e1roly-templomban pr\u00f3b\u00e1lt meg p\u00e9nzt szerezni m\u00e1jus 29-\u00e9n \u00e9jszaka. Hogy hozz\u00e1jusson a h\u00edvek adom\u00e1nyaihoz, megrong\u00e1lta a szentszobrok talapzat\u00e1t \u00e9s oldal\u00e1t. A f\u00e9rfi csek\u00e9ly \u00f6sszeggel t\u00e1vozhatott, mivel a perselyt k\u00f6zvetlen\u00fcl azel\u0151tt \u00fcr\u00edtett\u00e9k.<\/p>\n<p>A veszpr\u00e9mi nyomoz\u00f3k felvett\u00e9k a kapcsolatot koll\u00e9g\u00e1ikkal, hogy a tettes miel\u0151bb rend\u0151rk\u00e9zre ker\u00fclj\u00f6n, ugyanis t\u00f6bb helyen is k\u00f6vetett el hasonl\u00f3 b\u0171ncselekm\u00e9nyeket.<\/p>\n<p>V\u00e9g\u00fcl j\u00fanius 7-\u00e9n, Kecskem\u00e9ten \u2013 a Celld\u00f6m\u00f6lki Rend\u0151rkapit\u00e1nys\u00e1g parancsa alapj\u00e1n \u2013 a j\u00e1r\u0151r\u00f6k elfogt\u00e1k a 44 \u00e9ves nagykanizsai f\u00e9rfit.<\/p>\n","protected":false},"excerpt":{"rendered":"<p>Nem a veszpr\u00e9mi eset az egyetlen a f\u00e9rfi rov\u00e1s\u00e1n. Elfogt\u00e1k azt a f\u00e9rfit, aki a veszpr\u00e9mi K\u00e1roly-templomban pr\u00f3b\u00e1lt meg p\u00e9nzt szerezni m\u00e1jus 29-\u00e9n \u00e9jszaka. Hogy hozz\u00e1jusson a h\u00edvek adom\u00e1nyaihoz, megrong\u00e1lta a szentszobrok talapzat\u00e1t \u00e9s oldal\u00e1t. A f\u00e9rfi csek\u00e9ly \u00f6sszeggel t\u00e1vozhatott, &hellip; <a href=\"http:\/\/biztonsagosveszprem.hu\/?p=20673\">Egy kattint\u00e1s ide a folytat\u00e1shoz&#8230;. <span class=\"meta-nav\">&rarr;<\/span><\/a><\/p>\n","protected":false},"author":1,"featured_media":0,"comment_status":"closed","ping_status":"open","sticky":false,"template":"","format":"standard","meta":[],"categories":[4,3],"tags":[],"_links":{"self":[{"href":"http:\/\/biztonsagosveszprem.hu\/index.php?rest_route=\/wp\/v2\/posts\/20673"}],"collection":[{"href":"http:\/\/biztonsagosveszprem.hu\/index.php?rest_route=\/wp\/v2\/posts"}],"about":[{"href":"http:\/\/biztonsagosveszprem.hu\/index.php?rest_route=\/wp\/v2\/types\/post"}],"author":[{"embeddable":true,"href":"http:\/\/biztonsagosveszprem.hu\/index.php?rest_route=\/wp\/v2\/users\/1"}],"replies":[{"embeddable":true,"href":"http:\/\/biztonsagosveszprem.hu\/index.php?rest_route=%2Fwp%2Fv2%2Fcomments&post=20673"}],"version-history":[{"count":1,"href":"http:\/\/biztonsagosveszprem.hu\/index.php?rest_route=\/wp\/v2\/posts\/20673\/revisions"}],"predecessor-version":[{"id":20675,"href":"http:\/\/biztonsagosveszprem.hu\/index.php?rest_route=\/wp\/v2\/posts\/20673\/revisions\/20675"}],"wp:attachment":[{"href":"http:\/\/biztonsagosveszprem.hu\/index.php?rest_route=%2Fwp%2Fv2%2Fmedia&parent=20673"}],"wp:term":[{"taxonomy":"category","embeddable":true,"href":"http:\/\/biztonsagosveszprem.hu\/index.php?rest_route=%2Fwp%2Fv2%2Fcategories&post=20673"},{"taxonomy":"post_tag","embeddable":true,"href":"http:\/\/biztonsagosveszprem.hu\/index.php?rest_route=%2Fwp%2Fv2%2Ftags&post=20673"}],"curies":[{"name":"wp","href":"https:\/\/api.w.org\/{rel}","templated":true}]}}