{"id":20670,"date":"2025-06-13T08:40:28","date_gmt":"2025-06-13T07:40:28","guid":{"rendered":"http:\/\/biztonsagosveszprem.hu\/?p=20670"},"modified":"2025-06-13T08:40:28","modified_gmt":"2025-06-13T07:40:28","slug":"megfenyegettek-a-tiniket-toba-dobjak-oket-ha-nem-kapnak-penzt","status":"publish","type":"post","link":"http:\/\/biztonsagosveszprem.hu\/?p=20670","title":{"rendered":"Megfenyegett\u00e9k a tiniket, t\u00f3ba dobj\u00e1k \u0151ket, ha nem kapnak p\u00e9nzt"},"content":{"rendered":"<p><strong>Elfogt\u00e1k a k\u00e9t f\u00e9rfit a veszpr\u00e9mi rend\u0151r\u00f6k.<\/strong><\/p>\n<p><a href=\"http:\/\/biztonsagosveszprem.hu\/wp-content\/uploads\/2025\/06\/rablo-Veszprem.jpg\"><img loading=\"lazy\" class=\"aligncenter size-full wp-image-20671\" src=\"http:\/\/biztonsagosveszprem.hu\/wp-content\/uploads\/2025\/06\/rablo-Veszprem.jpg\" alt=\"\" width=\"751\" height=\"500\" srcset=\"http:\/\/biztonsagosveszprem.hu\/wp-content\/uploads\/2025\/06\/rablo-Veszprem.jpg 751w, http:\/\/biztonsagosveszprem.hu\/wp-content\/uploads\/2025\/06\/rablo-Veszprem-300x200.jpg 300w\" sizes=\"(max-width: 751px) 100vw, 751px\" \/><\/a><\/p>\n<p>Tin\u00e9dzsereket rabolt ki k\u00e9t f\u00e9rfi j\u00fanius 10-\u00e9n d\u00e9lut\u00e1n f\u00e9l \u00f6tkor Veszpr\u00e9m egyik parkj\u00e1ban.<br \/>\nA k\u00e9t f\u00e9rfi p\u00e9nzt k\u00f6vetelt a fiatalokt\u00f3l, mondv\u00e1n, buszjegyre kell az nekik. A tinik jobbnak l\u00e1tt\u00e1k, ha engedelmeskednek, \u00e9s k\u00f6zel k\u00e9tezer forintot dobtak \u00f6ssze, majd \u00e1tadt\u00e1k.<br \/>\n\u00c1m ezzel nem \u00e9rte be a k\u00e9t elk\u00f6vet\u0151. Kil\u00e1t\u00e1sba helyezt\u00e9k, hogy a t\u00f3ba dobj\u00e1k \u0151ket, ha nem kapnak m\u00e9g tov\u00e1bbi p\u00e9nzt. Az egyik rabl\u00f3 kikapta a di\u00e1k kez\u00e9b\u0151l a p\u00e9nzt\u00e1rc\u00e1t, mag\u00e1hoz vette a bankjegyeket, \u00e9s t\u00e1rs\u00e1val t\u00e1vozott.<\/p>\n<p>A k\u00e9t f\u00e9rfi ellen a veszpr\u00e9mi nyomoz\u00f3k elfogat\u00f3parancsot adtak ki, \u00e9s n\u00e9h\u00e1ny \u00f3r\u00e1val k\u00e9s\u0151bb,\u00a0\u00e9jszaka rend\u0151rk\u00e9zre is ker\u00fcltek.<\/p>\n<p>A 18 \u00e9s 34 \u00e9ves helyi lakosokat \u2013 \u0151rizetbe v\u00e9tel\u00fck mellett \u2013 kihallgatt\u00e1k \u00e9s kezdem\u00e9nyezt\u00e9k a letart\u00f3ztat\u00e1sukat.<br \/>\nEllen\u00fck rabl\u00e1s miatt nyomoznak.<\/p>\n","protected":false},"excerpt":{"rendered":"<p>Elfogt\u00e1k a k\u00e9t f\u00e9rfit a veszpr\u00e9mi rend\u0151r\u00f6k. Tin\u00e9dzsereket rabolt ki k\u00e9t f\u00e9rfi j\u00fanius 10-\u00e9n d\u00e9lut\u00e1n f\u00e9l \u00f6tkor Veszpr\u00e9m egyik parkj\u00e1ban. A k\u00e9t f\u00e9rfi p\u00e9nzt k\u00f6vetelt a fiatalokt\u00f3l, mondv\u00e1n, buszjegyre kell az nekik. A tinik jobbnak l\u00e1tt\u00e1k, ha engedelmeskednek, \u00e9s k\u00f6zel &hellip; <a href=\"http:\/\/biztonsagosveszprem.hu\/?p=20670\">Egy kattint\u00e1s ide a folytat\u00e1shoz&#8230;. <span class=\"meta-nav\">&rarr;<\/span><\/a><\/p>\n","protected":false},"author":1,"featured_media":0,"comment_status":"closed","ping_status":"open","sticky":false,"template":"","format":"standard","meta":[],"categories":[4,3],"tags":[],"_links":{"self":[{"href":"http:\/\/biztonsagosveszprem.hu\/index.php?rest_route=\/wp\/v2\/posts\/20670"}],"collection":[{"href":"http:\/\/biztonsagosveszprem.hu\/index.php?rest_route=\/wp\/v2\/posts"}],"about":[{"href":"http:\/\/biztonsagosveszprem.hu\/index.php?rest_route=\/wp\/v2\/types\/post"}],"author":[{"embeddable":true,"href":"http:\/\/biztonsagosveszprem.hu\/index.php?rest_route=\/wp\/v2\/users\/1"}],"replies":[{"embeddable":true,"href":"http:\/\/biztonsagosveszprem.hu\/index.php?rest_route=%2Fwp%2Fv2%2Fcomments&post=20670"}],"version-history":[{"count":1,"href":"http:\/\/biztonsagosveszprem.hu\/index.php?rest_route=\/wp\/v2\/posts\/20670\/revisions"}],"predecessor-version":[{"id":20672,"href":"http:\/\/biztonsagosveszprem.hu\/index.php?rest_route=\/wp\/v2\/posts\/20670\/revisions\/20672"}],"wp:attachment":[{"href":"http:\/\/biztonsagosveszprem.hu\/index.php?rest_route=%2Fwp%2Fv2%2Fmedia&parent=20670"}],"wp:term":[{"taxonomy":"category","embeddable":true,"href":"http:\/\/biztonsagosveszprem.hu\/index.php?rest_route=%2Fwp%2Fv2%2Fcategories&post=20670"},{"taxonomy":"post_tag","embeddable":true,"href":"http:\/\/biztonsagosveszprem.hu\/index.php?rest_route=%2Fwp%2Fv2%2Ftags&post=20670"}],"curies":[{"name":"wp","href":"https:\/\/api.w.org\/{rel}","templated":true}]}}