{"id":20668,"date":"2025-06-10T08:30:45","date_gmt":"2025-06-10T07:30:45","guid":{"rendered":"http:\/\/biztonsagosveszprem.hu\/?p=20668"},"modified":"2025-06-11T04:34:59","modified_gmt":"2025-06-11T03:34:59","slug":"kozlekedes-biztonsagi-osszefoglalo-4","status":"publish","type":"post","link":"http:\/\/biztonsagosveszprem.hu\/?p=20668","title":{"rendered":"K\u00f6zleked\u00e9s-biztons\u00e1gi \u00f6sszefoglal\u00f3"},"content":{"rendered":"<p style=\"text-align: center;\"><strong>2025. j\u00fanius 10.<\/strong><\/p>\n<p>A Veszpr\u00e9mi Rend\u0151rkapit\u00e1nys\u00e1g illet\u00e9kess\u00e9gi ter\u00fclet\u00e9n 2025. j\u00fanius 2-\u00e1n 0 \u00f3r\u00e1t\u00f3l j\u00fanius 08-\u00e1n 24 \u00f3r\u00e1ig 4 szem\u00e9lyi s\u00e9r\u00fcl\u00e9ssel j\u00e1r\u00f3 k\u00f6z\u00fati k\u00f6zleked\u00e9si baleset t\u00f6rt\u00e9nt. Egy hal\u00e1los k\u00f6z\u00fati k\u00f6zleked\u00e9si baleseteben egy j\u00e1rm\u0171szerelv\u00e9ny vezet\u0151je vesztette \u00e9let\u00e9t. Kett\u0151 s\u00falyos s\u00e9r\u00fcl\u00e9ses balesetben kett\u0151 szem\u00e9ly s\u00e9r\u00fclt meg s\u00falyosan, egy k\u00f6nny\u0171 s\u00e9r\u00fcl\u00e9ses k\u00f6z\u00fati k\u00f6zleked\u00e9si balesetben pedig egy szem\u00e9ly s\u00e9r\u00fclt meg k\u00f6nnyebben. A veszpr\u00e9mi rend\u0151r\u00f6k 9 anyagi k\u00e1rral v\u00e9gz\u0151d\u0151 k\u00f6z\u00fati k\u00f6zleked\u00e9si baleset helysz\u00edn\u00e9n int\u00e9zkedtek. Az el\u0151z\u0151 \u00e9v ezen id\u0151szak\u00e1ban egy s\u00falyos, valamint kett\u0151 k\u00f6nny\u0171 s\u00e9r\u00fcl\u00e9ses k\u00f6z\u00fati k\u00f6zleked\u00e9si baleset t\u00f6rt\u00e9nt. El\u0151z\u0151 \u00e9v ezen id\u0151szak\u00e1ban kett\u0151 anyagi k\u00e1rral v\u00e9gz\u0151d\u0151 balesetn\u00e9l kellett int\u00e9zkedn\u00fcnk.<\/p>\n<p>2024.06.02. &#8211; 2024.06.08.<\/p>\n<ul>\n<li>Hal\u00e1los 0<\/li>\n<li>S\u00falyos 1<\/li>\n<li>K\u00f6nny\u0171 1<\/li>\n<\/ul>\n<p>2025.06.02. &#8211; 2025.06.08.<\/p>\n<ul>\n<li>Hal\u00e1los 1<\/li>\n<li>S\u00falyos 2<\/li>\n<li>K\u00f6nny\u0171 1<\/li>\n<\/ul>\n<p><u>Balesetek megoszl\u00e1sa KRESZ szab\u00e1lyszeg\u00e9s szerint:<\/u><br \/>\n3 esetben: sebess\u00e9g nem megfelel\u0151 alkalmaz\u00e1sa<br \/>\n1 esetben: m\u0171szaki hiba<\/p>\n<p>&nbsp;<\/p>\n<h1>\u00daj jelentkez\u0151ket v\u00e1r a Biztons\u00e1gos \u00d3voda Program<\/h1>\n<p>A Biztons\u00e1gos \u00d3voda Program a 8 \u00e9ve m\u0171k\u00f6d\u0151 \u00c9let \u00daton program strat\u00e9gi\u00e1j\u00e1ba illeszkedve indult el. Az \u00c9let \u00daton a biztons\u00e1gos k\u00f6zleked\u00e9sre felk\u00e9sz\u00edt\u00e9s programja melyhez t\u00f6bb mint \u00f6tven szervezet csatlakozott. Az egy\u00fcttm\u0171k\u00f6d\u00e9s c\u00e9lja, hogy Magyarorsz\u00e1gon a k\u00f6z\u00fati k\u00f6zleked\u00e9s sor\u00e1n egyetlen 14 \u00e9v alatti gyermek se vesz\u00edtse \u00e9let\u00e9t. A kisgyermekek eredm\u00e9nyes k\u00f6zleked\u00e9sre nevel\u00e9s\u00e9hez az \u00f3vodapedag\u00f3gusok fel\u00e9 ir\u00e1nyul\u00f3 hat\u00e9kony ismeret\u00e1tad\u00e1s elengedhetetlen, hisz azt fenntarthat\u00f3 m\u00f3don csak az \u00f3voda \u201enorm\u00e1l\u201d m\u0171k\u00f6d\u00e9si kereteiben lehet megval\u00f3s\u00edtani, amiben a kulcsszerep a pedag\u00f3gusok\u00e9.<\/p>\n<p>A \u201eBiztons\u00e1gos \u00d3voda\u201d program c\u00e9lja az \u00f3vod\u00e1sok biztons\u00e1gosabb k\u00f6zleked\u00e9sre val\u00f3 felk\u00e9sz\u00edt\u00e9s\u00e9nek el\u0151seg\u00edt\u00e9se: <strong>az \u00f3vod\u00e1k, \u00f3vodapedag\u00f3gusok k\u00f6zleked\u00e9sbiztons\u00e1gi szakmai t\u00e1mogat\u00e1sa, a k\u00f6zleked\u00e9sbiztons\u00e1gi ismeretek sz\u00e9les k\u00f6rben t\u00f6rt\u00e9n\u0151 terjeszt\u00e9se a korcsoport saj\u00e1toss\u00e1gait figyelembe v\u00e9ve<\/strong>.<\/p>\n<p>A \u201eBiztons\u00e1gos \u00d3voda\u201d program legfontosabb c\u00e9lja az \u00f3vodai <strong>nevel\u00e9si programba integr\u00e1lhat\u00f3 k\u00f6z\u00fati k\u00f6zleked\u00e9sbiztons\u00e1gi m\u00f3dszertan \u00e9s oktat\u00e1si seg\u00e9dletek megismertet\u00e9se<\/strong> az int\u00e9zm\u00e9nyekkel, \u00f3vodapedag\u00f3gusokkal \u00e9s ez\u00e1ltal az int\u00e9zm\u00e9nyek k\u00f6zleked\u00e9sre nevel\u00e9si tev\u00e9kenys\u00e9g\u00e9nek t\u00e1mogat\u00e1sa. Tov\u00e1bb\u00e1:<\/p>\n<ul>\n<li>\u00f3vodai \u201ek\u00f6zleked\u00e9si koordin\u00e1tor\u201d kijel\u00f6l\u00e9s\u00e9nek \u00f6szt\u00f6nz\u00e9se<\/li>\n<li>a koroszt\u00e1ly sz\u00e1m\u00e1ra fontos k\u00f6zleked\u00e9sbiztons\u00e1gi ismereteket tartalmaz\u00f3 \u00f3vodapedag\u00f3giai felk\u00e9sz\u00edt\u0151 anyagok eljuttat\u00e1sa az \u00f3vod\u00e1kba<\/li>\n<li>\u00f3vod\u00e1s gyerekek k\u00f6zleked\u00e9si ismeretszintj\u00e9nek felm\u00e9r\u00e9se<\/li>\n<li>az \u00f3vod\u00e1k j\u00f6v\u0151beni t\u00e1mogat\u00e1sa a k\u00f6zleked\u00e9sre nevel\u00e9si feladataik tekintet\u00e9ben<\/li>\n<li>a \u201eBiztons\u00e1gos \u00d3voda\u201d v\u00e9djeggyel igazolni \u00e9s elismerni, hogy az int\u00e9zm\u00e9ny kiemelt figyelmet ford\u00edt a gyermekek biztons\u00e1gos k\u00f6zleked\u00e9sre felk\u00e9sz\u00edt\u00e9s\u00e9re.<\/li>\n<\/ul>\n<p><strong>\u00a0<\/strong>A program megval\u00f3s\u00edt\u00e1sa ut\u00e1n, a r\u00e9sztvev\u0151 \u00f3vod\u00e1k elnyerik a <strong>\u201eBiztons\u00e1gos \u00d3voda\u201d c\u00edmet<\/strong>, mely azt hivatott tan\u00fas\u00edtani, hogy a c\u00edmet visel\u0151 Int\u00e9zm\u00e9ny a k\u00f6zleked\u00e9sre nevel\u00e9st fontos t\u00e9m\u00e1nak tekinti, megjelenik nevel\u00e9si tev\u00e9kenys\u00e9geiben, valamint kiemelt figyelmet szentel a gyermekek biztons\u00e1gos k\u00f6zleked\u00e9sre val\u00f3 felk\u00e9sz\u00edt\u00e9s\u00e9nek. A c\u00edmet az \u00f3vod\u00e1k plakett form\u00e1j\u00e1ban is megkapj\u00e1k, mely kihelyezhet\u0151 az int\u00e9zm\u00e9ny \u00e9p\u00fclet\u00e9re.<\/p>\n<p>Az al\u00e1bbi linket bem\u00e1solva tudnak a Biztons\u00e1gos \u00d3voda Programhoz regisztr\u00e1lni az \u00e9rdekl\u0151d\u0151 Veszpr\u00e9m v\u00e1rmegyei int\u00e9zm\u00e9nyek:<\/p>\n<p><a href=\"https:\/\/forms.office.com\/pages\/responsepage.aspx?id=wfTx50frpEmTHxmO_n87C3v1_8tSzA9Cnu8D7hBTzrVURENZSE1OSTJUVVhWUjBSNElONzZKQ0xHUS4u&amp;origin=lprLink&amp;route=shorturl\">https:\/\/forms.office.com\/pages\/responsepage.aspx?id=wfTx50frpEmTHxmO_n87C3v1_8tSzA9Cnu8D7hBTzrVURENZSE1OSTJUVVhWUjBSNElONzZKQ0xHUS4u&amp;origin=lprLink&amp;route=shorturl<\/a><\/p>\n","protected":false},"excerpt":{"rendered":"<p>2025. j\u00fanius 10. A Veszpr\u00e9mi Rend\u0151rkapit\u00e1nys\u00e1g illet\u00e9kess\u00e9gi ter\u00fclet\u00e9n 2025. j\u00fanius 2-\u00e1n 0 \u00f3r\u00e1t\u00f3l j\u00fanius 08-\u00e1n 24 \u00f3r\u00e1ig 4 szem\u00e9lyi s\u00e9r\u00fcl\u00e9ssel j\u00e1r\u00f3 k\u00f6z\u00fati k\u00f6zleked\u00e9si baleset t\u00f6rt\u00e9nt. Egy hal\u00e1los k\u00f6z\u00fati k\u00f6zleked\u00e9si baleseteben egy j\u00e1rm\u0171szerelv\u00e9ny vezet\u0151je vesztette \u00e9let\u00e9t. Kett\u0151 s\u00falyos s\u00e9r\u00fcl\u00e9ses balesetben kett\u0151 &hellip; <a href=\"http:\/\/biztonsagosveszprem.hu\/?p=20668\">Egy kattint\u00e1s ide a folytat\u00e1shoz&#8230;. <span class=\"meta-nav\">&rarr;<\/span><\/a><\/p>\n","protected":false},"author":1,"featured_media":0,"comment_status":"closed","ping_status":"open","sticky":false,"template":"","format":"standard","meta":[],"categories":[4,3],"tags":[],"_links":{"self":[{"href":"http:\/\/biztonsagosveszprem.hu\/index.php?rest_route=\/wp\/v2\/posts\/20668"}],"collection":[{"href":"http:\/\/biztonsagosveszprem.hu\/index.php?rest_route=\/wp\/v2\/posts"}],"about":[{"href":"http:\/\/biztonsagosveszprem.hu\/index.php?rest_route=\/wp\/v2\/types\/post"}],"author":[{"embeddable":true,"href":"http:\/\/biztonsagosveszprem.hu\/index.php?rest_route=\/wp\/v2\/users\/1"}],"replies":[{"embeddable":true,"href":"http:\/\/biztonsagosveszprem.hu\/index.php?rest_route=%2Fwp%2Fv2%2Fcomments&post=20668"}],"version-history":[{"count":1,"href":"http:\/\/biztonsagosveszprem.hu\/index.php?rest_route=\/wp\/v2\/posts\/20668\/revisions"}],"predecessor-version":[{"id":20669,"href":"http:\/\/biztonsagosveszprem.hu\/index.php?rest_route=\/wp\/v2\/posts\/20668\/revisions\/20669"}],"wp:attachment":[{"href":"http:\/\/biztonsagosveszprem.hu\/index.php?rest_route=%2Fwp%2Fv2%2Fmedia&parent=20668"}],"wp:term":[{"taxonomy":"category","embeddable":true,"href":"http:\/\/biztonsagosveszprem.hu\/index.php?rest_route=%2Fwp%2Fv2%2Fcategories&post=20668"},{"taxonomy":"post_tag","embeddable":true,"href":"http:\/\/biztonsagosveszprem.hu\/index.php?rest_route=%2Fwp%2Fv2%2Ftags&post=20668"}],"curies":[{"name":"wp","href":"https:\/\/api.w.org\/{rel}","templated":true}]}}