{"id":20646,"date":"2025-05-16T08:52:53","date_gmt":"2025-05-16T07:52:53","guid":{"rendered":"http:\/\/biztonsagosveszprem.hu\/?p=20646"},"modified":"2025-05-16T08:52:53","modified_gmt":"2025-05-16T07:52:53","slug":"duhongott-rongalt-szidalmazott","status":"publish","type":"post","link":"http:\/\/biztonsagosveszprem.hu\/?p=20646","title":{"rendered":"D\u00fch\u00f6ng\u00f6tt, rong\u00e1lt, szidalmazott"},"content":{"rendered":"<div class=\"lead-text\">\n<p><strong>A veszpr\u00e9mi nyomoz\u00f3k \u0151rizetbe vett\u00e9k a 19 \u00e9ves helyi fiatalt.<\/strong><\/p>\n<\/div>\n<p><a href=\"http:\/\/biztonsagosveszprem.hu\/wp-content\/uploads\/2025\/05\/veszpremi-garazda1.jpg\"><img loading=\"lazy\" class=\"aligncenter size-full wp-image-20647\" src=\"http:\/\/biztonsagosveszprem.hu\/wp-content\/uploads\/2025\/05\/veszpremi-garazda1.jpg\" alt=\"\" width=\"751\" height=\"500\" srcset=\"http:\/\/biztonsagosveszprem.hu\/wp-content\/uploads\/2025\/05\/veszpremi-garazda1.jpg 751w, http:\/\/biztonsagosveszprem.hu\/wp-content\/uploads\/2025\/05\/veszpremi-garazda1-300x200.jpg 300w\" sizes=\"(max-width: 751px) 100vw, 751px\" \/><\/a><\/p>\n<div class=\"body-text\">\n<p>Nem el\u0151sz\u00f6r ker\u00fclt a rend\u0151rs\u00e9g l\u00e1t\u00f3k\u00f6r\u00e9be az a fiatal, aki 2025. m\u00e1rcius 30-\u00e1n este ittasan a veszpr\u00e9mi buszp\u00e1lyaudvar v\u00e1r\u00f3term\u00e9ben elhelyezett sz\u00e9keket dob\u00e1lta \u00e9s hangosan szidalmazta, fenyegette az ott tart\u00f3zkod\u00f3kat. Egy 16 \u00e9ves fiatalt homlokon fejelt \u00e9s megharapott. Ekkor a rend\u0151r\u00f6k elfogt\u00e1k, el\u0151\u00e1ll\u00edtott\u00e1k, \u00e9s s\u00falyos testi s\u00e9rt\u00e9s k\u00eds\u00e9rlete miatt gyan\u00fas\u00edtottk\u00e9nt kihallgatt\u00e1k. A f\u00e9rfi azonban m\u00e1jus 7-\u00e9n is sz\u00f3v\u00e1lt\u00e1sba keveredett egyik ismer\u0151s\u00e9vel. A d\u00fch\u00f6ng\u0151 f\u00e9rfi szitkoz\u00f3dott, \u00e9s t\u00f6bb alkalommal \u00e9letvesz\u00e9lyesen megfenyegette.<\/p>\n<p>A f\u00e9rfi ezut\u00e1n sem tudott uralkodni indulatain, m\u00e1jus 9-\u00e9n \u00e9jszaka a belv\u00e1ros\u00e1ban egy telefonf\u00fclke kagyl\u00f3j\u00e1t kezdte el t\u00e9pkedni, r\u00e1ngatni. Mivel abban nem tudott k\u00e1rt okozni, v\u00e9g\u00fcl egy vend\u00e9gl\u00e1t\u00f3egys\u00e9g hirdet\u0151t\u00e1bl\u00e1j\u00e1t rong\u00e1lta meg.<\/p>\n<p>A f\u00e9rfi agressz\u00edv cselekm\u00e9ny\u00e9nek szemtan\u00faja volt t\u00f6bb biztons\u00e1gi \u0151r is. Egyik\u00fck nyugalomra intette az \u0151rj\u00f6ng\u0151 f\u00e9rfit, aki az \u0151t megsz\u00f3l\u00edt\u00f3t szidalmazni kezdte, \u00f6k\u00f6llel bordat\u00e1j\u00e9kon \u00fct\u00f6tte, majd elszaladt. Ezt k\u00f6vet\u0151en a b\u00e1ntalmazott f\u00e9rfi \u00e9s a vele tart\u00f3zkod\u00f3k az agressz\u00edv fiatal ut\u00e1n futottak, akit a j\u00e1r\u0151r\u00f6k ki\u00e9rkez\u00e9s\u00e9ig visszatartottak. Az egyenruh\u00e1sok a 19 \u00e9ves veszpr\u00e9mi f\u00e9rfit el\u0151\u00e1ll\u00edtott\u00e1k, majd a nyomoz\u00f3k gyan\u00fas\u00edtottk\u00e9nt hallgatt\u00e1k ki gar\u00e1zdas\u00e1g v\u00e9ts\u00e9g megalapozott gyan\u00faja miatt. A Veszpr\u00e9mi Rend\u0151rkapit\u00e1nys\u00e1g \u0151rizetbe v\u00e9tele mellett kezdem\u00e9nyezte a letart\u00f3ztat\u00e1s\u00e1t.<\/p>\n<\/div>\n","protected":false},"excerpt":{"rendered":"<p>A veszpr\u00e9mi nyomoz\u00f3k \u0151rizetbe vett\u00e9k a 19 \u00e9ves helyi fiatalt. Nem el\u0151sz\u00f6r ker\u00fclt a rend\u0151rs\u00e9g l\u00e1t\u00f3k\u00f6r\u00e9be az a fiatal, aki 2025. m\u00e1rcius 30-\u00e1n este ittasan a veszpr\u00e9mi buszp\u00e1lyaudvar v\u00e1r\u00f3term\u00e9ben elhelyezett sz\u00e9keket dob\u00e1lta \u00e9s hangosan szidalmazta, fenyegette az ott tart\u00f3zkod\u00f3kat. Egy &hellip; <a href=\"http:\/\/biztonsagosveszprem.hu\/?p=20646\">Egy kattint\u00e1s ide a folytat\u00e1shoz&#8230;. <span class=\"meta-nav\">&rarr;<\/span><\/a><\/p>\n","protected":false},"author":1,"featured_media":0,"comment_status":"closed","ping_status":"open","sticky":false,"template":"","format":"standard","meta":[],"categories":[4,3],"tags":[],"_links":{"self":[{"href":"http:\/\/biztonsagosveszprem.hu\/index.php?rest_route=\/wp\/v2\/posts\/20646"}],"collection":[{"href":"http:\/\/biztonsagosveszprem.hu\/index.php?rest_route=\/wp\/v2\/posts"}],"about":[{"href":"http:\/\/biztonsagosveszprem.hu\/index.php?rest_route=\/wp\/v2\/types\/post"}],"author":[{"embeddable":true,"href":"http:\/\/biztonsagosveszprem.hu\/index.php?rest_route=\/wp\/v2\/users\/1"}],"replies":[{"embeddable":true,"href":"http:\/\/biztonsagosveszprem.hu\/index.php?rest_route=%2Fwp%2Fv2%2Fcomments&post=20646"}],"version-history":[{"count":1,"href":"http:\/\/biztonsagosveszprem.hu\/index.php?rest_route=\/wp\/v2\/posts\/20646\/revisions"}],"predecessor-version":[{"id":20648,"href":"http:\/\/biztonsagosveszprem.hu\/index.php?rest_route=\/wp\/v2\/posts\/20646\/revisions\/20648"}],"wp:attachment":[{"href":"http:\/\/biztonsagosveszprem.hu\/index.php?rest_route=%2Fwp%2Fv2%2Fmedia&parent=20646"}],"wp:term":[{"taxonomy":"category","embeddable":true,"href":"http:\/\/biztonsagosveszprem.hu\/index.php?rest_route=%2Fwp%2Fv2%2Fcategories&post=20646"},{"taxonomy":"post_tag","embeddable":true,"href":"http:\/\/biztonsagosveszprem.hu\/index.php?rest_route=%2Fwp%2Fv2%2Ftags&post=20646"}],"curies":[{"name":"wp","href":"https:\/\/api.w.org\/{rel}","templated":true}]}}