{"id":20643,"date":"2025-05-16T08:50:41","date_gmt":"2025-05-16T07:50:41","guid":{"rendered":"http:\/\/biztonsagosveszprem.hu\/?p=20643"},"modified":"2025-05-16T08:50:41","modified_gmt":"2025-05-16T07:50:41","slug":"lezart-akta-racs-mogott-marad-a-rablo","status":"publish","type":"post","link":"http:\/\/biztonsagosveszprem.hu\/?p=20643","title":{"rendered":"Lez\u00e1rt akta: R\u00e1cs m\u00f6g\u00f6tt marad a rabl\u00f3"},"content":{"rendered":"<div class=\"lead-text\">\n<p><strong>A Veszpr\u00e9mi Rend\u0151rkapit\u00e1nys\u00e1g befejezte az \u00fcgy vizsg\u00e1lat\u00e1t.<\/strong><\/p>\n<\/div>\n<p><a href=\"http:\/\/biztonsagosveszprem.hu\/wp-content\/uploads\/2025\/05\/VeszpremLogo1_1.jpg\"><img loading=\"lazy\" class=\"aligncenter size-full wp-image-20644\" src=\"http:\/\/biztonsagosveszprem.hu\/wp-content\/uploads\/2025\/05\/VeszpremLogo1_1.jpg\" alt=\"\" width=\"751\" height=\"500\" srcset=\"http:\/\/biztonsagosveszprem.hu\/wp-content\/uploads\/2025\/05\/VeszpremLogo1_1.jpg 751w, http:\/\/biztonsagosveszprem.hu\/wp-content\/uploads\/2025\/05\/VeszpremLogo1_1-300x200.jpg 300w\" sizes=\"(max-width: 751px) 100vw, 751px\" \/><\/a><\/p>\n<p>Mint ahogy arr\u00f3l\u00a0<a href=\"https:\/\/www.police.hu\/hu\/hirek-es-informaciok\/legfrissebb-hireink\/bunugyek\/orizetben-a-rablo-41\">kor\u00e1bban<\/a>\u00a0besz\u00e1moltunk<strong>,\u00a0<\/strong>egy fiatalember az\u00e9rt t\u00e1rcs\u00e1zta a 112-es seg\u00e9lyh\u00edv\u00f3 sz\u00e1mot 2024. szeptember 15-\u00e9n \u00e9jjel, mert er\u0151szakosan fenyeget\u0151zve k\u00f6vetelt t\u0151le \u00e9s k\u00e9t bar\u00e1tj\u00e1t\u00f3l p\u00e9nzt egy ismeretlen. A bejelent\u0151 egy gyors\u00e9tterem aut\u00f3s kiszolg\u00e1l\u00f3 r\u00e9sz\u00e9n\u00e9l v\u00e1rakozott t\u00f6bbedmag\u00e1val, amikor odament hozz\u00e1juk a f\u00e9rfi, \u00e9s p\u00e9nzt k\u00f6vetelt t\u0151l\u00fck. Kil\u00e1t\u00e1sba helyezte, ha nem adnak neki, megszurk\u00e1lja \u0151ket. K\u00e9st nem vett el\u0151, de az egyik kez\u00e9t folyamatosan a zseb\u00e9ben tartotta.<\/p>\n<p>A fiatalok \u00e1tadtak el\u0151sz\u00f6r egy ezrest, majd apr\u00f3ban k\u00f6r\u00fclbel\u00fcl n\u00e9gysz\u00e1z forintot, de a f\u00e9rfi tov\u00e1bbi p\u00e9nzt k\u00f6vetelt \u00e9s fenyeget\u0151z\u00f6tt. Mikor a bejelent\u0151 rend\u0151rt h\u00edvott, a tettes elhagyta a helysz\u00ednt. M\u00e9g aznap d\u00e9l k\u00f6r\u00fcl a rend\u0151r\u00f6k elfogt\u00e1k a 30 \u00e9ves helyi f\u00e9rfit, el\u0151\u00e1ll\u00edtott\u00e1k, majd &#8211; \u0151rizetbe v\u00e9tele mellett &#8211; rabl\u00e1s miatt kihallgatt\u00e1k, \u00e9s kezdem\u00e9nyezt\u00e9k a letart\u00f3ztat\u00e1s\u00e1t.<\/p>\n<p>A Veszpr\u00e9mi Rend\u0151rkapit\u00e1nys\u00e1g a b\u00fcntet\u0151elj\u00e1r\u00e1sban a sz\u00fcks\u00e9ges nyomozati cselekm\u00e9nyeket elv\u00e9gezte, \u00e9s az iratokat \u00e1tadta az illet\u00e9kes \u00fcgy\u00e9szs\u00e9gnek.<\/p>\n<p>&nbsp;<\/p>\n","protected":false},"excerpt":{"rendered":"<p>A Veszpr\u00e9mi Rend\u0151rkapit\u00e1nys\u00e1g befejezte az \u00fcgy vizsg\u00e1lat\u00e1t. Mint ahogy arr\u00f3l\u00a0kor\u00e1bban\u00a0besz\u00e1moltunk,\u00a0egy fiatalember az\u00e9rt t\u00e1rcs\u00e1zta a 112-es seg\u00e9lyh\u00edv\u00f3 sz\u00e1mot 2024. szeptember 15-\u00e9n \u00e9jjel, mert er\u0151szakosan fenyeget\u0151zve k\u00f6vetelt t\u0151le \u00e9s k\u00e9t bar\u00e1tj\u00e1t\u00f3l p\u00e9nzt egy ismeretlen. A bejelent\u0151 egy gyors\u00e9tterem aut\u00f3s kiszolg\u00e1l\u00f3 r\u00e9sz\u00e9n\u00e9l v\u00e1rakozott &hellip; <a href=\"http:\/\/biztonsagosveszprem.hu\/?p=20643\">Egy kattint\u00e1s ide a folytat\u00e1shoz&#8230;. <span class=\"meta-nav\">&rarr;<\/span><\/a><\/p>\n","protected":false},"author":1,"featured_media":0,"comment_status":"closed","ping_status":"open","sticky":false,"template":"","format":"standard","meta":[],"categories":[4,3],"tags":[],"_links":{"self":[{"href":"http:\/\/biztonsagosveszprem.hu\/index.php?rest_route=\/wp\/v2\/posts\/20643"}],"collection":[{"href":"http:\/\/biztonsagosveszprem.hu\/index.php?rest_route=\/wp\/v2\/posts"}],"about":[{"href":"http:\/\/biztonsagosveszprem.hu\/index.php?rest_route=\/wp\/v2\/types\/post"}],"author":[{"embeddable":true,"href":"http:\/\/biztonsagosveszprem.hu\/index.php?rest_route=\/wp\/v2\/users\/1"}],"replies":[{"embeddable":true,"href":"http:\/\/biztonsagosveszprem.hu\/index.php?rest_route=%2Fwp%2Fv2%2Fcomments&post=20643"}],"version-history":[{"count":1,"href":"http:\/\/biztonsagosveszprem.hu\/index.php?rest_route=\/wp\/v2\/posts\/20643\/revisions"}],"predecessor-version":[{"id":20645,"href":"http:\/\/biztonsagosveszprem.hu\/index.php?rest_route=\/wp\/v2\/posts\/20643\/revisions\/20645"}],"wp:attachment":[{"href":"http:\/\/biztonsagosveszprem.hu\/index.php?rest_route=%2Fwp%2Fv2%2Fmedia&parent=20643"}],"wp:term":[{"taxonomy":"category","embeddable":true,"href":"http:\/\/biztonsagosveszprem.hu\/index.php?rest_route=%2Fwp%2Fv2%2Fcategories&post=20643"},{"taxonomy":"post_tag","embeddable":true,"href":"http:\/\/biztonsagosveszprem.hu\/index.php?rest_route=%2Fwp%2Fv2%2Ftags&post=20643"}],"curies":[{"name":"wp","href":"https:\/\/api.w.org\/{rel}","templated":true}]}}