{"id":20633,"date":"2025-05-09T14:48:15","date_gmt":"2025-05-09T13:48:15","guid":{"rendered":"http:\/\/biztonsagosveszprem.hu\/?p=20633"},"modified":"2025-05-09T14:48:15","modified_gmt":"2025-05-09T13:48:15","slug":"lezart-akta-gumilovedekes-fegyverevel-raboltak-ki","status":"publish","type":"post","link":"http:\/\/biztonsagosveszprem.hu\/?p=20633","title":{"rendered":"LEZ\u00c1RT AKTA: GUMIL\u00d6VED\u00c9KES FEGYVER\u00c9VEL RABOLT\u00c1K KI"},"content":{"rendered":"<p><strong>A rend\u0151r\u00f6k m\u00e1sf\u00e9l \u00f3r\u00e1n bel\u00fcl elfogt\u00e1k Zirc hat\u00e1r\u00e1ban a 33 \u00e9ves gy\u0151ri f\u00e9rfit.<\/strong><\/p>\n<p><a href=\"http:\/\/biztonsagosveszprem.hu\/wp-content\/uploads\/2025\/05\/rablas-zirc.jpg\"><img loading=\"lazy\" class=\"aligncenter size-full wp-image-20634\" src=\"http:\/\/biztonsagosveszprem.hu\/wp-content\/uploads\/2025\/05\/rablas-zirc.jpg\" alt=\"\" width=\"751\" height=\"500\" srcset=\"http:\/\/biztonsagosveszprem.hu\/wp-content\/uploads\/2025\/05\/rablas-zirc.jpg 751w, http:\/\/biztonsagosveszprem.hu\/wp-content\/uploads\/2025\/05\/rablas-zirc-300x200.jpg 300w\" sizes=\"(max-width: 751px) 100vw, 751px\" \/><\/a><\/p>\n<p>Mint ahogy arr\u00f3l m\u00e1r <a href=\"https:\/\/www.police.hu\/hu\/hirek-es-informaciok\/legfrissebb-hireink\/bunugyek\/sajat-gumilovedekes-fegyverevel-raboltak-ki\">kor\u00e1bban besz\u00e1moltunk<\/a>, rabl\u00e1s miatt tett bejelent\u00e9st egy f\u00e9rfi a rend\u0151rs\u00e9gre 2024. j\u00fanius 7-\u00e9re virrad\u00f3ra. Elmondta, hogy n\u00e9h\u00e1ny nappal kor\u00e1bban a Gy\u0151r\u00f6tt parkol\u00f3 aut\u00f3j\u00e1b\u00f3l egyik ismer\u0151se ellopta a gumil\u00f6ved\u00e9kes fegyver\u00e9t, valamint t\u00f6bb ezer eur\u00f3t. A s\u00e9rtett a helyzet tiszt\u00e1z\u00e1sa \u00e9rdek\u00e9ben tal\u00e1lkoz\u00f3t besz\u00e9lt meg a f\u00e9rfival Zirc k\u00fclter\u00fclet\u00e9n. Ennek sor\u00e1n vita alakult ki k\u00f6zt\u00fck, majd a 33 \u00e9ves gy\u0151ri f\u00e9rfi a kor\u00e1bban ellopott fegyver\u00e9t r\u00e1fogta a s\u00e9rtettre, \u00e9s felsz\u00f3l\u00edtotta, hogy adja \u00e1t a n\u00e1la l\u00e9v\u0151 \u2013 k\u00f6zel egymilli\u00f3 forintot tartalmaz\u00f3 \u2013 p\u00e9nzkazett\u00e1t. A fenyeget\u00e9s hat\u00e1s\u00e1ra a s\u00e9rtett \u00e1tadta, a t\u00e1mad\u00f3 pedig betette az aut\u00f3j\u00e1ba a p\u00e9nzkazett\u00e1t, majd elhajtott.<\/p>\n<p>A rend\u0151r\u00f6k m\u00e1sf\u00e9l \u00f3r\u00e1val k\u00e9s\u0151bb Zirc hat\u00e1r\u00e1ban fogt\u00e1k el a tettest. Aut\u00f3j\u00e1nak \u00e1tvizsg\u00e1l\u00e1sa sor\u00e1n riaszt\u00f3l\u0151szerek, k\u00e1b\u00edt\u00f3szergyan\u00fas n\u00f6v\u00e9nyi t\u00f6rmel\u00e9k \u00e9s azok fogyaszt\u00e1s\u00e1hoz haszn\u00e1lt t\u00e1rgyak ker\u00fcltek el\u0151.<\/p>\n<p>Ezut\u00e1n az egyenruh\u00e1sok el\u0151\u00e1ll\u00edtott\u00e1k, \u00e9s drogtesztet v\u00e9geztek, ami pozit\u00edv \u00e9rt\u00e9ket mutatott. A nyomoz\u00f3k \u2013 \u0151rizetbe v\u00e9tele mellett \u2013 gyan\u00fas\u00edtottk\u00e9nt hallgatt\u00e1k ki, \u00e9s kezdem\u00e9nyezt\u00e9k a letart\u00f3ztat\u00e1s\u00e1t, melyet a j\u00e1r\u00e1sb\u00edr\u00f3s\u00e1g elrendelt. Felfegyverkezve elk\u00f6vetett rabl\u00e1s b\u0171ntett \u00e9s k\u00e1b\u00edt\u00f3szer birtokl\u00e1sa v\u00e9ts\u00e9g miatt folyt ellene elj\u00e1r\u00e1s.<\/p>\n<p>A Veszpr\u00e9mi Rend\u0151rkapit\u00e1nys\u00e1g befejezte a nyomoz\u00e1st, \u00e9s az iratokat v\u00e1demel\u00e9si javaslattal adta \u00e1t az \u00fcgy\u00e9szs\u00e9gnek.<\/p>\n","protected":false},"excerpt":{"rendered":"<p>A rend\u0151r\u00f6k m\u00e1sf\u00e9l \u00f3r\u00e1n bel\u00fcl elfogt\u00e1k Zirc hat\u00e1r\u00e1ban a 33 \u00e9ves gy\u0151ri f\u00e9rfit. Mint ahogy arr\u00f3l m\u00e1r kor\u00e1bban besz\u00e1moltunk, rabl\u00e1s miatt tett bejelent\u00e9st egy f\u00e9rfi a rend\u0151rs\u00e9gre 2024. j\u00fanius 7-\u00e9re virrad\u00f3ra. Elmondta, hogy n\u00e9h\u00e1ny nappal kor\u00e1bban a Gy\u0151r\u00f6tt parkol\u00f3 aut\u00f3j\u00e1b\u00f3l &hellip; <a href=\"http:\/\/biztonsagosveszprem.hu\/?p=20633\">Egy kattint\u00e1s ide a folytat\u00e1shoz&#8230;. <span class=\"meta-nav\">&rarr;<\/span><\/a><\/p>\n","protected":false},"author":1,"featured_media":0,"comment_status":"closed","ping_status":"open","sticky":false,"template":"","format":"standard","meta":[],"categories":[4,3],"tags":[],"_links":{"self":[{"href":"http:\/\/biztonsagosveszprem.hu\/index.php?rest_route=\/wp\/v2\/posts\/20633"}],"collection":[{"href":"http:\/\/biztonsagosveszprem.hu\/index.php?rest_route=\/wp\/v2\/posts"}],"about":[{"href":"http:\/\/biztonsagosveszprem.hu\/index.php?rest_route=\/wp\/v2\/types\/post"}],"author":[{"embeddable":true,"href":"http:\/\/biztonsagosveszprem.hu\/index.php?rest_route=\/wp\/v2\/users\/1"}],"replies":[{"embeddable":true,"href":"http:\/\/biztonsagosveszprem.hu\/index.php?rest_route=%2Fwp%2Fv2%2Fcomments&post=20633"}],"version-history":[{"count":1,"href":"http:\/\/biztonsagosveszprem.hu\/index.php?rest_route=\/wp\/v2\/posts\/20633\/revisions"}],"predecessor-version":[{"id":20635,"href":"http:\/\/biztonsagosveszprem.hu\/index.php?rest_route=\/wp\/v2\/posts\/20633\/revisions\/20635"}],"wp:attachment":[{"href":"http:\/\/biztonsagosveszprem.hu\/index.php?rest_route=%2Fwp%2Fv2%2Fmedia&parent=20633"}],"wp:term":[{"taxonomy":"category","embeddable":true,"href":"http:\/\/biztonsagosveszprem.hu\/index.php?rest_route=%2Fwp%2Fv2%2Fcategories&post=20633"},{"taxonomy":"post_tag","embeddable":true,"href":"http:\/\/biztonsagosveszprem.hu\/index.php?rest_route=%2Fwp%2Fv2%2Ftags&post=20633"}],"curies":[{"name":"wp","href":"https:\/\/api.w.org\/{rel}","templated":true}]}}