{"id":20617,"date":"2025-05-05T14:30:49","date_gmt":"2025-05-05T13:30:49","guid":{"rendered":"http:\/\/biztonsagosveszprem.hu\/?p=20617"},"modified":"2025-05-08T11:32:47","modified_gmt":"2025-05-08T10:32:47","slug":"herendi-majalis-a-bunmegelozes-jegyeben","status":"publish","type":"post","link":"http:\/\/biztonsagosveszprem.hu\/?p=20617","title":{"rendered":"Herendi maj\u00e1lis a b\u0171nmegel\u0151z\u00e9s jegy\u00e9ben"},"content":{"rendered":"<p><strong>A H\u00e1zhoz megy\u00fcnk program keret\u00e9ben vagyonv\u00e9delmi tan\u00e1csok hangzottak el.<\/strong><\/p>\n<p><a href=\"http:\/\/biztonsagosveszprem.hu\/wp-content\/uploads\/2025\/05\/herend_1.jpg\"><img loading=\"lazy\" class=\"aligncenter size-full wp-image-20618\" src=\"http:\/\/biztonsagosveszprem.hu\/wp-content\/uploads\/2025\/05\/herend_1.jpg\" alt=\"\" width=\"751\" height=\"500\" srcset=\"http:\/\/biztonsagosveszprem.hu\/wp-content\/uploads\/2025\/05\/herend_1.jpg 751w, http:\/\/biztonsagosveszprem.hu\/wp-content\/uploads\/2025\/05\/herend_1-300x200.jpg 300w\" sizes=\"(max-width: 751px) 100vw, 751px\" \/><\/a><\/p>\n<p>A 2025. m\u00e1jus 1-jei\u00a0herendi maj\u00e1lisra ell\u00e1togat\u00f3 csal\u00e1dok megn\u00e9zhett\u00e9k a rend\u0151rs\u00e9gi rabsz\u00e1ll\u00edt\u00f3 aut\u00f3t, a test\u00fcletn\u00e9l rendszeres\u00edtett fegyvereket \u00e9s l\u00e9zerszimul\u00e1ci\u00f3s l\u00f6v\u00e9szettel pr\u00f3b\u00e1lhatt\u00e1k ki \u00fcgyess\u00e9g\u00fcket. A Veszpr\u00e9mi Rend\u0151rkapit\u00e1nys\u00e1g munkat\u00e1rsai a H\u00e1zhoz megy\u00fcnk program keret\u00e9ben adtak vagyonv\u00e9delmi \u00e9s drogprevenci\u00f3s tan\u00e1csokat a helyi lakosoknak.<\/p>\n","protected":false},"excerpt":{"rendered":"<p>A H\u00e1zhoz megy\u00fcnk program keret\u00e9ben vagyonv\u00e9delmi tan\u00e1csok hangzottak el. A 2025. m\u00e1jus 1-jei\u00a0herendi maj\u00e1lisra ell\u00e1togat\u00f3 csal\u00e1dok megn\u00e9zhett\u00e9k a rend\u0151rs\u00e9gi rabsz\u00e1ll\u00edt\u00f3 aut\u00f3t, a test\u00fcletn\u00e9l rendszeres\u00edtett fegyvereket \u00e9s l\u00e9zerszimul\u00e1ci\u00f3s l\u00f6v\u00e9szettel pr\u00f3b\u00e1lhatt\u00e1k ki \u00fcgyess\u00e9g\u00fcket. A Veszpr\u00e9mi Rend\u0151rkapit\u00e1nys\u00e1g munkat\u00e1rsai a H\u00e1zhoz megy\u00fcnk program keret\u00e9ben &hellip; <a href=\"http:\/\/biztonsagosveszprem.hu\/?p=20617\">Egy kattint\u00e1s ide a folytat\u00e1shoz&#8230;. <span class=\"meta-nav\">&rarr;<\/span><\/a><\/p>\n","protected":false},"author":1,"featured_media":0,"comment_status":"closed","ping_status":"open","sticky":false,"template":"","format":"standard","meta":[],"categories":[4,3],"tags":[],"_links":{"self":[{"href":"http:\/\/biztonsagosveszprem.hu\/index.php?rest_route=\/wp\/v2\/posts\/20617"}],"collection":[{"href":"http:\/\/biztonsagosveszprem.hu\/index.php?rest_route=\/wp\/v2\/posts"}],"about":[{"href":"http:\/\/biztonsagosveszprem.hu\/index.php?rest_route=\/wp\/v2\/types\/post"}],"author":[{"embeddable":true,"href":"http:\/\/biztonsagosveszprem.hu\/index.php?rest_route=\/wp\/v2\/users\/1"}],"replies":[{"embeddable":true,"href":"http:\/\/biztonsagosveszprem.hu\/index.php?rest_route=%2Fwp%2Fv2%2Fcomments&post=20617"}],"version-history":[{"count":1,"href":"http:\/\/biztonsagosveszprem.hu\/index.php?rest_route=\/wp\/v2\/posts\/20617\/revisions"}],"predecessor-version":[{"id":20619,"href":"http:\/\/biztonsagosveszprem.hu\/index.php?rest_route=\/wp\/v2\/posts\/20617\/revisions\/20619"}],"wp:attachment":[{"href":"http:\/\/biztonsagosveszprem.hu\/index.php?rest_route=%2Fwp%2Fv2%2Fmedia&parent=20617"}],"wp:term":[{"taxonomy":"category","embeddable":true,"href":"http:\/\/biztonsagosveszprem.hu\/index.php?rest_route=%2Fwp%2Fv2%2Fcategories&post=20617"},{"taxonomy":"post_tag","embeddable":true,"href":"http:\/\/biztonsagosveszprem.hu\/index.php?rest_route=%2Fwp%2Fv2%2Ftags&post=20617"}],"curies":[{"name":"wp","href":"https:\/\/api.w.org\/{rel}","templated":true}]}}