{"id":20608,"date":"2025-04-29T12:05:15","date_gmt":"2025-04-29T11:05:15","guid":{"rendered":"http:\/\/biztonsagosveszprem.hu\/?p=20608"},"modified":"2025-04-29T12:05:15","modified_gmt":"2025-04-29T11:05:15","slug":"megkeselte-feleseget","status":"publish","type":"post","link":"http:\/\/biztonsagosveszprem.hu\/?p=20608","title":{"rendered":"Megk\u00e9selte feles\u00e9g\u00e9t"},"content":{"rendered":"<div class=\"lead-text\">\n<p><strong>A veszpr\u00e9mi nyomoz\u00f3k kezdem\u00e9nyezt\u00e9k a 46 \u00e9ves hajm\u00e1sk\u00e9ri f\u00e9rfi letart\u00f3ztat\u00e1s\u00e1t.<\/strong><\/p>\n<\/div>\n<p><a href=\"http:\/\/biztonsagosveszprem.hu\/wp-content\/uploads\/2025\/04\/logo_83.jpg\"><img loading=\"lazy\" class=\"aligncenter size-full wp-image-20609\" src=\"http:\/\/biztonsagosveszprem.hu\/wp-content\/uploads\/2025\/04\/logo_83.jpg\" alt=\"\" width=\"751\" height=\"500\" srcset=\"http:\/\/biztonsagosveszprem.hu\/wp-content\/uploads\/2025\/04\/logo_83.jpg 751w, http:\/\/biztonsagosveszprem.hu\/wp-content\/uploads\/2025\/04\/logo_83-300x200.jpg 300w\" sizes=\"(max-width: 751px) 100vw, 751px\" \/><\/a><\/p>\n<div class=\"body-text\">\n<p>Egy csal\u00e1di rendezv\u00e9nyt k\u00f6vet\u0151en alakult ki f\u00e9lt\u00e9kenys\u00e9gb\u0151l fakad\u00f3 vita f\u00e9rj \u00e9s feles\u00e9g k\u00f6z\u00f6tt \u00e1prilis 26-\u00e1n \u00e9jszaka Hajm\u00e1sk\u00e9ren. A f\u00e9rfi a konyhaszekr\u00e9ny fi\u00f3kj\u00e1b\u00f3l el\u0151vett egy h\u00fasv\u00e1g\u00f3 k\u00e9st amellyel feles\u00e9g\u00e9t mindk\u00e9t combj\u00e1n, az arc\u00e1n \u00e9s a mellkas\u00e1n is megv\u00e1gta. A v\u00e9rz\u0151 asszony kimenek\u00fclt a lak\u00e1sb\u00f3l \u00e9s a k\u00f6zelben lak\u00f3 bar\u00e1tn\u0151j\u00e9hez futott, aki \u00e9rtes\u00edtette a rend\u0151rs\u00e9get. A 46 \u00e9ves elk\u00f6vet\u0151t a rend\u0151r\u00f6k elfogt\u00e1k.<\/p>\n<p>Az er\u0151sen v\u00e9rz\u0151 n\u0151t a Police Medic k\u00e9pes\u00edt\u00e9ssel rendelkez\u0151 rend\u0151r ell\u00e1tta, majd \u00e1tadta a ment\u0151szolg\u00e1lat id\u0151k\u00f6zben ki\u00e9rkezett munkat\u00e1rsainak.<\/p>\n<p>A 46 \u00e9ves hajm\u00e1sk\u00e9ri f\u00e9rfit el\u0151\u00e1ll\u00edtott\u00e1k a Veszpr\u00e9mi Rend\u0151rkapit\u00e1nys\u00e1gra, ahol \u2013 \u0151rizetbe v\u00e9tele mellett \u2013 s\u00falyos testi s\u00e9rt\u00e9s b\u0171ntette miatt indult vele szemben elj\u00e1r\u00e1s. A nyomoz\u00f3 hat\u00f3s\u00e1g kezdem\u00e9nyezte a f\u00e9rfi letart\u00f3ztat\u00e1s\u00e1t.<\/p>\n<\/div>\n","protected":false},"excerpt":{"rendered":"<p>A veszpr\u00e9mi nyomoz\u00f3k kezdem\u00e9nyezt\u00e9k a 46 \u00e9ves hajm\u00e1sk\u00e9ri f\u00e9rfi letart\u00f3ztat\u00e1s\u00e1t. Egy csal\u00e1di rendezv\u00e9nyt k\u00f6vet\u0151en alakult ki f\u00e9lt\u00e9kenys\u00e9gb\u0151l fakad\u00f3 vita f\u00e9rj \u00e9s feles\u00e9g k\u00f6z\u00f6tt \u00e1prilis 26-\u00e1n \u00e9jszaka Hajm\u00e1sk\u00e9ren. A f\u00e9rfi a konyhaszekr\u00e9ny fi\u00f3kj\u00e1b\u00f3l el\u0151vett egy h\u00fasv\u00e1g\u00f3 k\u00e9st amellyel feles\u00e9g\u00e9t mindk\u00e9t combj\u00e1n, &hellip; <a href=\"http:\/\/biztonsagosveszprem.hu\/?p=20608\">Egy kattint\u00e1s ide a folytat\u00e1shoz&#8230;. <span class=\"meta-nav\">&rarr;<\/span><\/a><\/p>\n","protected":false},"author":1,"featured_media":0,"comment_status":"closed","ping_status":"open","sticky":false,"template":"","format":"standard","meta":[],"categories":[4,3],"tags":[],"_links":{"self":[{"href":"http:\/\/biztonsagosveszprem.hu\/index.php?rest_route=\/wp\/v2\/posts\/20608"}],"collection":[{"href":"http:\/\/biztonsagosveszprem.hu\/index.php?rest_route=\/wp\/v2\/posts"}],"about":[{"href":"http:\/\/biztonsagosveszprem.hu\/index.php?rest_route=\/wp\/v2\/types\/post"}],"author":[{"embeddable":true,"href":"http:\/\/biztonsagosveszprem.hu\/index.php?rest_route=\/wp\/v2\/users\/1"}],"replies":[{"embeddable":true,"href":"http:\/\/biztonsagosveszprem.hu\/index.php?rest_route=%2Fwp%2Fv2%2Fcomments&post=20608"}],"version-history":[{"count":1,"href":"http:\/\/biztonsagosveszprem.hu\/index.php?rest_route=\/wp\/v2\/posts\/20608\/revisions"}],"predecessor-version":[{"id":20610,"href":"http:\/\/biztonsagosveszprem.hu\/index.php?rest_route=\/wp\/v2\/posts\/20608\/revisions\/20610"}],"wp:attachment":[{"href":"http:\/\/biztonsagosveszprem.hu\/index.php?rest_route=%2Fwp%2Fv2%2Fmedia&parent=20608"}],"wp:term":[{"taxonomy":"category","embeddable":true,"href":"http:\/\/biztonsagosveszprem.hu\/index.php?rest_route=%2Fwp%2Fv2%2Fcategories&post=20608"},{"taxonomy":"post_tag","embeddable":true,"href":"http:\/\/biztonsagosveszprem.hu\/index.php?rest_route=%2Fwp%2Fv2%2Ftags&post=20608"}],"curies":[{"name":"wp","href":"https:\/\/api.w.org\/{rel}","templated":true}]}}